{"id":65783,"date":"2020-03-06T08:01:27","date_gmt":"2020-03-06T11:01:27","guid":{"rendered":"http:\/\/vinasfm.com\/noticias\/?p=65783"},"modified":"2020-03-07T08:52:04","modified_gmt":"2020-03-07T11:52:04","slug":"alvear-oeste-avanza-la-etapa-ii-de-urbanizacion-en-el-b-rodriguez","status":"publish","type":"post","link":"https:\/\/vinasfm.com\/noticias\/alvear-oeste-avanza-la-etapa-ii-de-urbanizacion-en-el-b-rodriguez\/","title":{"rendered":"ALVEAR OESTE: AVANZA LA ETAPA II DE URBANIZACI\u00d3N EN EL B\u00b0 RODRIGUEZ"},"content":{"rendered":"<h4><strong>Alvear Oeste crece tambi\u00e9n en obras y es que en estos momentos a la segunda parte de remodelaci\u00f3n de la Plaza \u201cManuel Belgrano\u00bb se le suma la etapa II de la obra de urbanizaci\u00f3n del Barrio Rodriguez.<\/strong><\/h4>\n<p>Luego de concluida la primera etapa- incluy\u00f3 m\u00e1s de 45 esquinas hormigonadas, cruces de calles, carteles nomencladores de calles y m\u00e1s 500 metros de cuneta hormigonada- el <strong>Secretario de Obras y Servicios P\u00fablicos<\/strong>, <strong>Ignacio Castro<\/strong>, hizo referencia a las tareas que se van ejecutando de manera integral: \u201c<em><strong>Esta segunda etapa empez\u00f3 hace 20 d\u00edas e incluye m\u00e1s de 600 metros de cuneta hormigonada, m\u00e1s de 40 puentes peatonales y vehiculares<\/strong>\u201d.<\/em><\/p>\n<p>Esta importante obra es financiada por el <strong>Programa de Infraestructura Municipal de la provincia<\/strong>, lo que significa que \u201c<em>no es reembolsable y tampoco los vecinos deben aportar materiales. La contrataci\u00f3n fue mano de obra y materiales<\/em>\u201d, subray\u00f3 el funcionario municipal y en la misma l\u00ednea afirm\u00f3 que \u201c<em>el plazo de obra es de aproximadamente 90 d\u00edas<\/em>\u201d.<\/p>\n<p>Luego de terminada la etapa II, que tiene un costo de ejecuci\u00f3n de aproximadamente $1.800.000, Castro indic\u00f3 que \u201c<em>se realizar\u00e1 las etapas III y IV dando continuidad de ac\u00e1 a 6 meses garantizando la mano de obra local<\/em>\u201d.<\/p>\n<h5><em>F.B.<\/em><\/h5>\n","protected":false},"excerpt":{"rendered":"<p>Alvear Oeste crece tambi\u00e9n en obras y es que en estos momentos a la segunda parte de remodelaci\u00f3n de la Plaza &#8230;<\/p>\n","protected":false},"author":8,"featured_media":65784,"comment_status":"open","ping_status":"open","sticky":false,"template":"","format":"standard","meta":{"footnotes":""},"categories":[5,29],"tags":[],"class_list":["post-65783","post","type-post","status-publish","format-standard","has-post-thumbnail","hentry","category-actualidad","category-obras-y-servicios"],"_links":{"self":[{"href":"https:\/\/vinasfm.com\/noticias\/wp-json\/wp\/v2\/posts\/65783","targetHints":{"allow":["GET"]}}],"collection":[{"href":"https:\/\/vinasfm.com\/noticias\/wp-json\/wp\/v2\/posts"}],"about":[{"href":"https:\/\/vinasfm.com\/noticias\/wp-json\/wp\/v2\/types\/post"}],"author":[{"embeddable":true,"href":"https:\/\/vinasfm.com\/noticias\/wp-json\/wp\/v2\/users\/8"}],"replies":[{"embeddable":true,"href":"https:\/\/vinasfm.com\/noticias\/wp-json\/wp\/v2\/comments?post=65783"}],"version-history":[{"count":1,"href":"https:\/\/vinasfm.com\/noticias\/wp-json\/wp\/v2\/posts\/65783\/revisions"}],"predecessor-version":[{"id":65787,"href":"https:\/\/vinasfm.com\/noticias\/wp-json\/wp\/v2\/posts\/65783\/revisions\/65787"}],"wp:featuredmedia":[{"embeddable":true,"href":"https:\/\/vinasfm.com\/noticias\/wp-json\/wp\/v2\/media\/65784"}],"wp:attachment":[{"href":"https:\/\/vinasfm.com\/noticias\/wp-json\/wp\/v2\/media?parent=65783"}],"wp:term":[{"taxonomy":"category","embeddable":true,"href":"https:\/\/vinasfm.com\/noticias\/wp-json\/wp\/v2\/categories?post=65783"},{"taxonomy":"post_tag","embeddable":true,"href":"https:\/\/vinasfm.com\/noticias\/wp-json\/wp\/v2\/tags?post=65783"}],"curies":[{"name":"wp","href":"https:\/\/api.w.org\/{rel}","templated":true}]}}