{"id":65777,"date":"2020-03-06T08:00:22","date_gmt":"2020-03-06T11:00:22","guid":{"rendered":"http:\/\/vinasfm.com\/noticias\/?p=65777"},"modified":"2020-03-06T08:24:09","modified_gmt":"2020-03-06T11:24:09","slug":"piden-que-en-alvear-y-san-rafael-se-aplique-la-tarifa-patagonica","status":"publish","type":"post","link":"https:\/\/vinasfm.com\/noticias\/piden-que-en-alvear-y-san-rafael-se-aplique-la-tarifa-patagonica\/","title":{"rendered":"PIDEN QUE EN ALVEAR Y SAN RAFAEL SE APLIQUE LA \u2018TARIFA PATAG\u00d3NICA\u2019"},"content":{"rendered":"<h4><strong>El concejal Jos\u00e9 Mor\u00e1n y el diputado nacional Federico Zamarbide \u00a0trabajan en un proyecto de ley para que en General Alvear y en San Rafael se aplique la tarifa diferenciada en el cobro del gas (tarifa patag\u00f3nica), como actualmente rige en Malarg\u00fce, La Pampa y la Patagonia.<\/strong><\/h4>\n<p>En contacto con <strong><em>F.M. Vi\u00f1as<\/em><\/strong>, el funcionario local expres\u00f3: \u201c<em>Estamos trabajando con Federico Zamarbide para incluir a Alvear y San Rafael en el r\u00e9gimen patag\u00f3nico solicitando la modificaci\u00f3n del art\u00edculo 1 de la Ley 23.272 que ya incluye a Neuqu\u00e9n, Rio Negro, Tierra del Fuego y La Pampa<\/em>\u201d.<\/p>\n<p>Como referencia para la incorporaci\u00f3n de los dos departamentos del sur mendocino, Moran argument\u00f3 que \u00a0para este cometido \u201c<em>nos basamos que bajo la Ley 25.955 se incorpor\u00f3 a Carmen de Patagones de Buenos Aires adem\u00e1s de que geogr\u00e1ficamente las condiciones clim\u00e1ticas de Alvear y San Rafael est\u00e1n bajo las medias anuales\u201d<\/em>.<\/p>\n<p>Este pedido fue elevado en el a\u00f1o 2006 cuando se sum\u00f3 a La Pampa en la tarifa diferenciada en el cobro de gas y se pidi\u00f3 adherir a los tres departamentos del sur de Mendoza. \u201c<em>En ese momento<\/em>&#8211; agreg\u00f3 el edil- <em>no tuvo ninguna oposici\u00f3n pero una cuesti\u00f3n de orden pr\u00e1ctico hab\u00eda que modificar el texto sancionado en el Senado\u201d<\/em>.<\/p>\n<p>Los beneficios alcanzar\u00edan a una <strong>reducci\u00f3n del precio de las naftas en un 20%<\/strong>, el <strong>gasoil en un 12%<\/strong>, <strong>reducci\u00f3n de impuestos<\/strong>, <strong>beneficios en jubilaciones y pensiones<\/strong> adem\u00e1s de los impositivos. \u201c<em>Es un proyecto ambicioso pero creemos que se puede lograr y tenemos en cuenta que en los dos departamentos los secaderos, bodegas, conserveras y bodegas han sido perjudicadas por los altos costos que tienen que afrontar generando un retroceso. Adem\u00e1s beneficiaria al agro y el turismo<\/em>\u201d, puntualiz\u00f3.<\/p>\n<p>Mor\u00e1n present\u00f3 un proyecto de resoluci\u00f3n en el Honorable Concejo Deliberante alvearense con proyecci\u00f3n de ser trabajado en la Legislatura Provincial mientras que el diputado Zamarbide lo hizo en la C\u00e1mara de Diputados de la Naci\u00f3n.<\/p>\n<h5><em>\u2022Fernando Burett (Redacci\u00f3n F.M. Vi\u00f1as).<\/em><\/h5>\n","protected":false},"excerpt":{"rendered":"<p>El concejal Jos\u00e9 Mor\u00e1n y el diputado nacional Federico Zamarbide \u00a0trabajan en un proyecto de ley para que en General Alvear &#8230;<\/p>\n","protected":false},"author":8,"featured_media":57069,"comment_status":"open","ping_status":"open","sticky":false,"template":"","format":"standard","meta":{"footnotes":""},"categories":[1],"tags":[],"class_list":["post-65777","post","type-post","status-publish","format-standard","has-post-thumbnail","hentry","category-fmvinas"],"_links":{"self":[{"href":"https:\/\/vinasfm.com\/noticias\/wp-json\/wp\/v2\/posts\/65777","targetHints":{"allow":["GET"]}}],"collection":[{"href":"https:\/\/vinasfm.com\/noticias\/wp-json\/wp\/v2\/posts"}],"about":[{"href":"https:\/\/vinasfm.com\/noticias\/wp-json\/wp\/v2\/types\/post"}],"author":[{"embeddable":true,"href":"https:\/\/vinasfm.com\/noticias\/wp-json\/wp\/v2\/users\/8"}],"replies":[{"embeddable":true,"href":"https:\/\/vinasfm.com\/noticias\/wp-json\/wp\/v2\/comments?post=65777"}],"version-history":[{"count":1,"href":"https:\/\/vinasfm.com\/noticias\/wp-json\/wp\/v2\/posts\/65777\/revisions"}],"predecessor-version":[{"id":65782,"href":"https:\/\/vinasfm.com\/noticias\/wp-json\/wp\/v2\/posts\/65777\/revisions\/65782"}],"wp:featuredmedia":[{"embeddable":true,"href":"https:\/\/vinasfm.com\/noticias\/wp-json\/wp\/v2\/media\/57069"}],"wp:attachment":[{"href":"https:\/\/vinasfm.com\/noticias\/wp-json\/wp\/v2\/media?parent=65777"}],"wp:term":[{"taxonomy":"category","embeddable":true,"href":"https:\/\/vinasfm.com\/noticias\/wp-json\/wp\/v2\/categories?post=65777"},{"taxonomy":"post_tag","embeddable":true,"href":"https:\/\/vinasfm.com\/noticias\/wp-json\/wp\/v2\/tags?post=65777"}],"curies":[{"name":"wp","href":"https:\/\/api.w.org\/{rel}","templated":true}]}}