{"id":65691,"date":"2020-03-04T09:00:11","date_gmt":"2020-03-04T12:00:11","guid":{"rendered":"http:\/\/vinasfm.com\/noticias\/?p=65691"},"modified":"2020-03-05T10:12:14","modified_gmt":"2020-03-05T13:12:14","slug":"se-conmemorara-el-dia-de-la-mujer-y-habra-diferentes-actividades","status":"publish","type":"post","link":"https:\/\/vinasfm.com\/noticias\/se-conmemorara-el-dia-de-la-mujer-y-habra-diferentes-actividades\/","title":{"rendered":"SE CONMEMORAR\u00c1 EL D\u00cdA DE LA MUJER Y HABR\u00c1 DIFERENTES ACTIVIDADES"},"content":{"rendered":"<h4><strong>Desde la Direcci\u00f3n de Familia de la Municipalidad junto a la Asesora de la Mujer y Desarrollo de las Familias informar\u00e1n sobre las actividades programadas por el D\u00eda Internacional de la Mujer.<\/strong><\/h4>\n<p>\u201c<em>Este d\u00eda es un d\u00eda de reflexi\u00f3n y las respuestas las vamos a encontrar siempre que estemos juntas y manifest\u00e1ndonos, estamos invitando a todos para el pr\u00f3ximo <strong>domingo 8 de marza a las 18:30h en Plaza de la Mujer del B\u00ba Smata<\/strong> donde se realizar\u00e1 el acto oficial en conmemoraci\u00f3n al D\u00eda Internacional de la Mujer, los esperamos<\/em>\u201d finaliz\u00f3 <strong>Viviana Villatoro<\/strong>, <strong>Asesora de la Mujer y Desarrollo de las Familias<\/strong>.<\/p>\n<p>\u201c<em>Es importante comunicar que en esta ocasi\u00f3n se encontrar\u00e1n en el lugar stand de artesanos para que todos los que asistan puedan disfrutar de los productos que se exponen. Tambi\u00e9n habr\u00e1 reconocimiento a mujeres, entrevistas, la idea es mostrar actividades y puestos de trabajos que ocupan ahora las mujeres, que han logrado conquistar<\/em>\u201d manifest\u00f3 <strong>Nancy Vinnitchenko<\/strong>, <strong>Directora de Familia<\/strong>.<\/p>\n<p><strong>El tema del D\u00eda Internacional de la Mujer de este a\u00f1o es \u201c<em>Soy de la Generaci\u00f3n Igualdad: Por los derechos de las mujeres\u201d.<\/em><\/strong><\/p>\n<p>La campa\u00f1a Generaci\u00f3n Igualdad reunir\u00e1 a personas de todos los g\u00e9neros, edades, or\u00edgenes \u00e9tnicos, razas, religiones y pa\u00edses, para impulsar acciones que creen el mundo igualitario que merecemos.<br \/>\nEn conjunto, queremos movilizar a todas las personas para eliminar la violencia de g\u00e9nero; exigimos justicia econ\u00f3mica y derechos para todas las personas; autonom\u00eda sobre los propios cuerpos, derecho a la salud sexual y reproductiva; y acciones feministas por la justicia clim\u00e1tica. Queremos tecnolog\u00eda e innovaci\u00f3n para la igualdad de g\u00e9nero; y liderazgo feminista.<\/p>\n<p>Las peque\u00f1as acciones pueden generar grandes repercusiones y hacer realidad esta visi\u00f3n.\u00a0 Este D\u00eda Internacional de la Mujer, \u00fanete a la #GeneracionIgualdad y s\u00e9 parte del movimiento.<\/p>\n<h5><em>F.B.<\/em><\/h5>\n","protected":false},"excerpt":{"rendered":"<p>Desde la Direcci\u00f3n de Familia de la Municipalidad junto a la Asesora de la Mujer y Desarrollo de las Familias informar\u00e1n &#8230;<\/p>\n","protected":false},"author":8,"featured_media":65695,"comment_status":"open","ping_status":"open","sticky":false,"template":"","format":"standard","meta":{"footnotes":""},"categories":[5,10],"tags":[],"class_list":["post-65691","post","type-post","status-publish","format-standard","has-post-thumbnail","hentry","category-actualidad","category-destacadas"],"_links":{"self":[{"href":"https:\/\/vinasfm.com\/noticias\/wp-json\/wp\/v2\/posts\/65691","targetHints":{"allow":["GET"]}}],"collection":[{"href":"https:\/\/vinasfm.com\/noticias\/wp-json\/wp\/v2\/posts"}],"about":[{"href":"https:\/\/vinasfm.com\/noticias\/wp-json\/wp\/v2\/types\/post"}],"author":[{"embeddable":true,"href":"https:\/\/vinasfm.com\/noticias\/wp-json\/wp\/v2\/users\/8"}],"replies":[{"embeddable":true,"href":"https:\/\/vinasfm.com\/noticias\/wp-json\/wp\/v2\/comments?post=65691"}],"version-history":[{"count":1,"href":"https:\/\/vinasfm.com\/noticias\/wp-json\/wp\/v2\/posts\/65691\/revisions"}],"predecessor-version":[{"id":65696,"href":"https:\/\/vinasfm.com\/noticias\/wp-json\/wp\/v2\/posts\/65691\/revisions\/65696"}],"wp:featuredmedia":[{"embeddable":true,"href":"https:\/\/vinasfm.com\/noticias\/wp-json\/wp\/v2\/media\/65695"}],"wp:attachment":[{"href":"https:\/\/vinasfm.com\/noticias\/wp-json\/wp\/v2\/media?parent=65691"}],"wp:term":[{"taxonomy":"category","embeddable":true,"href":"https:\/\/vinasfm.com\/noticias\/wp-json\/wp\/v2\/categories?post=65691"},{"taxonomy":"post_tag","embeddable":true,"href":"https:\/\/vinasfm.com\/noticias\/wp-json\/wp\/v2\/tags?post=65691"}],"curies":[{"name":"wp","href":"https:\/\/api.w.org\/{rel}","templated":true}]}}