{"id":65687,"date":"2020-03-03T11:38:09","date_gmt":"2020-03-03T14:38:09","guid":{"rendered":"http:\/\/vinasfm.com\/noticias\/?p=65687"},"modified":"2020-03-03T12:13:04","modified_gmt":"2020-03-03T15:13:04","slug":"denunciaron-un-intento-de-secuestro-a-metros-de-la-escuela-carlos-maria-de-alvear","status":"publish","type":"post","link":"https:\/\/vinasfm.com\/noticias\/denunciaron-un-intento-de-secuestro-a-metros-de-la-escuela-carlos-maria-de-alvear\/","title":{"rendered":"DENUNCIARON UN INTENTO DE SECUESTRO A METROS DE LA ESCUELA &#8216;CARLOS MAR\u00cdA DE ALVEAR&#8217;"},"content":{"rendered":"<h5><strong>La informaci\u00f3n extraoficial comenz\u00f3 a circular por las redes sociales y grupos de padres de whatsapp de la Escuela \u201cCarlos Mar\u00eda de Alvear\u201d. Seg\u00fan relat\u00f3 una alumna, este lunes fue v\u00edctima de un intento de secuestro a metros de la sede institucional.<\/strong><\/h5>\n<p>Son\u00f3 el timbre que indic\u00f3 la salida de los estudiantes de la instituci\u00f3n, ubicada en calle Roca y Mitre de Ciudad, cerca de las 12:30h, y como es habitual los padres y madres en la explanada esperando por ellos.<\/p>\n<p>Pero una situaci\u00f3n fuera de lo com\u00fan se dio a posterior y que incluye a <strong>una alumna<\/strong> (10) quien <strong>se retir\u00f3 sola y emprendi\u00f3 camino.<\/strong> Cuando iba a una cuadra del establecimiento, seg\u00fan manifest\u00f3, <strong>una mujer conduciendo un auto color rojo<\/strong>, <strong>la alcanz\u00f3 y le asegur\u00f3<\/strong> que \u201c<strong><em>su madre le hab\u00eda pedido que la fuera a buscar ella y que subiera<\/em><\/strong>\u201d a lo que <strong>la ni\u00f1a se neg\u00f3 rotundamente<\/strong>. Luego de este episodio,\u00a0<strong>le coment\u00f3 lo sucedido a su <\/strong><strong>la madre luego de que esta la alcanzara dos cuadras.<\/strong><\/p>\n<p>Ambas <strong>fueron a la seccional local a radicar la denuncia correspondiente<\/strong> cerca de las 18:30h \u00a0por lo que la <strong>Unidad Fiscal intervino en el caso y orden\u00f3 la Investigaci\u00f3n<\/strong> que se complet\u00f3 con la revisi\u00f3n de la c\u00e1mara ubicada en la esquina de la instituci\u00f3n, de donde no pudieron obtener pruebas suficientes de lo manifestado por la v\u00edctima.<\/p>\n<p>En la ma\u00f1ana de este martes, el <strong>Comisario Modesto Bravo<\/strong> y el <strong>Sub Comisario Jos\u00e9 Gonzalez<\/strong> mantuvieron di\u00e1logo con la directora, <strong>Estela Lafont<\/strong>, en su oficina. <strong><em>F.M. Vi\u00f1as<\/em><\/strong> fue con la intenci\u00f3n de conseguir la versi\u00f3n de la docente quien se neg\u00f3, como es habitual, asegurando que <em>generar\u00eda psicosis sobre este tema en la comunidad escolar<\/em>.<\/p>\n<p>La respuesta policial oficial fue de Gonzalez en lugar de Bravo, quien asegur\u00f3 tener una \u201c<strong><em>dolencia en el o\u00eddo<\/em><\/strong>\u201d, con seguridad sentido important\u00edsimo a la hora de <strong>hablar. <\/strong>El Sub Comisario indic\u00f3 que \u201c<em>el hecho se est\u00e1 investigando y se encuentra personal afectado a la salida y est\u00e1 verific\u00e1ndose todo<\/em>\u201d.<\/p>\n<p>El grupo de padres, alertados por la situaci\u00f3n, viralizaron en redes y grupos de whatsapp el siguiente comunicado: \u201c<em>Un hecho curioso sucedi\u00f3 hoy a la salida del turno ma\u00f1ana, de la escuela Carlos Mar\u00eda. Una nena de 10 a\u00f1os, argumenta que una mujer, le hablo desde un auto, dici\u00e9ndole que su mam\u00e1 no pod\u00eda ir a buscarla y que ella iba a llevarla. La ni\u00f1a hizo una pregunta y se di\u00f3 cuenta que eran mentiras y sigui\u00f3 su camino, justo cuando la madre ya ven\u00eda. La mam\u00e1 de la ni\u00f1a ha hecho la denuncia correspondiente y la polic\u00eda se encuentra investigando la situaci\u00f3n\u201d. <\/em>(sic)<\/p>\n<h5><em>F.B.<\/em><\/h5>\n","protected":false},"excerpt":{"rendered":"<p>La informaci\u00f3n extraoficial comenz\u00f3 a circular por las redes sociales y grupos de padres de whatsapp de la Escuela \u201cCarlos Mar\u00eda &#8230;<\/p>\n","protected":false},"author":8,"featured_media":65688,"comment_status":"open","ping_status":"open","sticky":false,"template":"","format":"standard","meta":{"footnotes":""},"categories":[1],"tags":[],"class_list":["post-65687","post","type-post","status-publish","format-standard","has-post-thumbnail","hentry","category-fmvinas"],"_links":{"self":[{"href":"https:\/\/vinasfm.com\/noticias\/wp-json\/wp\/v2\/posts\/65687","targetHints":{"allow":["GET"]}}],"collection":[{"href":"https:\/\/vinasfm.com\/noticias\/wp-json\/wp\/v2\/posts"}],"about":[{"href":"https:\/\/vinasfm.com\/noticias\/wp-json\/wp\/v2\/types\/post"}],"author":[{"embeddable":true,"href":"https:\/\/vinasfm.com\/noticias\/wp-json\/wp\/v2\/users\/8"}],"replies":[{"embeddable":true,"href":"https:\/\/vinasfm.com\/noticias\/wp-json\/wp\/v2\/comments?post=65687"}],"version-history":[{"count":1,"href":"https:\/\/vinasfm.com\/noticias\/wp-json\/wp\/v2\/posts\/65687\/revisions"}],"predecessor-version":[{"id":65694,"href":"https:\/\/vinasfm.com\/noticias\/wp-json\/wp\/v2\/posts\/65687\/revisions\/65694"}],"wp:featuredmedia":[{"embeddable":true,"href":"https:\/\/vinasfm.com\/noticias\/wp-json\/wp\/v2\/media\/65688"}],"wp:attachment":[{"href":"https:\/\/vinasfm.com\/noticias\/wp-json\/wp\/v2\/media?parent=65687"}],"wp:term":[{"taxonomy":"category","embeddable":true,"href":"https:\/\/vinasfm.com\/noticias\/wp-json\/wp\/v2\/categories?post=65687"},{"taxonomy":"post_tag","embeddable":true,"href":"https:\/\/vinasfm.com\/noticias\/wp-json\/wp\/v2\/tags?post=65687"}],"curies":[{"name":"wp","href":"https:\/\/api.w.org\/{rel}","templated":true}]}}