{"id":65624,"date":"2020-03-02T09:08:30","date_gmt":"2020-03-02T12:08:30","guid":{"rendered":"http:\/\/vinasfm.com\/noticias\/?p=65624"},"modified":"2020-03-02T09:08:30","modified_gmt":"2020-03-02T12:08:30","slug":"continua-la-colecta-de-utiles-reinas-en-accion","status":"publish","type":"post","link":"https:\/\/vinasfm.com\/noticias\/continua-la-colecta-de-utiles-reinas-en-accion\/","title":{"rendered":"CONTIN\u00daA LA COLECTA DE \u00daTILES \u00abREINAS EN ACCI\u00d3N\u00bb"},"content":{"rendered":"<h4><strong>Las diferentes soberanas vendimiales y representantes de otras fiestas est\u00e1n realizando una colecta de \u00fatiles denominada \u201cReinas en Acci\u00f3n\u201d para entregar en escuelas rurales y zonas carenciadas del departamento.<\/strong><\/h4>\n<p>En contacto con F.M. Vi\u00f1as, la virreina departamental de la Vendimia, Romina Garc\u00eda manifest\u00f3 que l<strong>os elementos escolares pueden nuevos, o usados en buenas condiciones. Tambi\u00e9n se juntan guardapolvos.<\/strong><\/p>\n<p><em>\u201cSea mucho o poquito, todo sirve\u201d<\/em>, se\u00f1al\u00f3.<\/p>\n<p>Los puntos donde se recolectan son: <strong>Tu Espacio Cultural de Av. Alvear Oeste e Ing. Lange, Informador Tur\u00edstico del KM 0, Delegaciones de Bowen, Oeste y Carmensa.<\/strong><\/p>\n<p>Durante el mes de febrero se lograron reunir gran cantidad de \u00fatiles que ya fueron entregados.<\/p>\n<p><a href=\"http:\/\/vinasfm.com\/noticias\/wp-content\/uploads\/2020\/03\/COELCTA-REINAS.jpeg\"><img loading=\"lazy\" decoding=\"async\" class=\"wp-image-65625 aligncenter\" src=\"http:\/\/vinasfm.com\/noticias\/wp-content\/uploads\/2020\/03\/COELCTA-REINAS-300x300.jpeg\" alt=\"\" width=\"596\" height=\"596\" srcset=\"https:\/\/vinasfm.com\/noticias\/wp-content\/uploads\/2020\/03\/COELCTA-REINAS-300x300.jpeg 300w, https:\/\/vinasfm.com\/noticias\/wp-content\/uploads\/2020\/03\/COELCTA-REINAS-1024x1024.jpeg 1024w, https:\/\/vinasfm.com\/noticias\/wp-content\/uploads\/2020\/03\/COELCTA-REINAS-150x150.jpeg 150w, https:\/\/vinasfm.com\/noticias\/wp-content\/uploads\/2020\/03\/COELCTA-REINAS-768x767.jpeg 768w, https:\/\/vinasfm.com\/noticias\/wp-content\/uploads\/2020\/03\/COELCTA-REINAS-360x360.jpeg 360w, https:\/\/vinasfm.com\/noticias\/wp-content\/uploads\/2020\/03\/COELCTA-REINAS-750x750.jpeg 750w, https:\/\/vinasfm.com\/noticias\/wp-content\/uploads\/2020\/03\/COELCTA-REINAS.jpeg 1280w\" sizes=\"auto, (max-width: 596px) 100vw, 596px\" \/><\/a><\/p>\n<p><em><strong>A.C.<\/strong><\/em><\/p>\n","protected":false},"excerpt":{"rendered":"<p>Las diferentes soberanas vendimiales y representantes de otras fiestas est\u00e1n realizando una colecta de \u00fatiles denominada \u201cReinas en Acci\u00f3n\u201d para entregar &#8230;<\/p>\n","protected":false},"author":7,"featured_media":23106,"comment_status":"open","ping_status":"open","sticky":false,"template":"","format":"standard","meta":{"footnotes":""},"categories":[5,11],"tags":[],"class_list":["post-65624","post","type-post","status-publish","format-standard","has-post-thumbnail","hentry","category-actualidad","category-sociales"],"_links":{"self":[{"href":"https:\/\/vinasfm.com\/noticias\/wp-json\/wp\/v2\/posts\/65624","targetHints":{"allow":["GET"]}}],"collection":[{"href":"https:\/\/vinasfm.com\/noticias\/wp-json\/wp\/v2\/posts"}],"about":[{"href":"https:\/\/vinasfm.com\/noticias\/wp-json\/wp\/v2\/types\/post"}],"author":[{"embeddable":true,"href":"https:\/\/vinasfm.com\/noticias\/wp-json\/wp\/v2\/users\/7"}],"replies":[{"embeddable":true,"href":"https:\/\/vinasfm.com\/noticias\/wp-json\/wp\/v2\/comments?post=65624"}],"version-history":[{"count":1,"href":"https:\/\/vinasfm.com\/noticias\/wp-json\/wp\/v2\/posts\/65624\/revisions"}],"predecessor-version":[{"id":65626,"href":"https:\/\/vinasfm.com\/noticias\/wp-json\/wp\/v2\/posts\/65624\/revisions\/65626"}],"wp:featuredmedia":[{"embeddable":true,"href":"https:\/\/vinasfm.com\/noticias\/wp-json\/wp\/v2\/media\/23106"}],"wp:attachment":[{"href":"https:\/\/vinasfm.com\/noticias\/wp-json\/wp\/v2\/media?parent=65624"}],"wp:term":[{"taxonomy":"category","embeddable":true,"href":"https:\/\/vinasfm.com\/noticias\/wp-json\/wp\/v2\/categories?post=65624"},{"taxonomy":"post_tag","embeddable":true,"href":"https:\/\/vinasfm.com\/noticias\/wp-json\/wp\/v2\/tags?post=65624"}],"curies":[{"name":"wp","href":"https:\/\/api.w.org\/{rel}","templated":true}]}}