{"id":65594,"date":"2020-03-02T09:29:24","date_gmt":"2020-03-02T12:29:24","guid":{"rendered":"http:\/\/vinasfm.com\/noticias\/?p=65594"},"modified":"2020-03-02T11:05:43","modified_gmt":"2020-03-02T14:05:43","slug":"brigadistas-y-bomberos-de-la-policia-de-mendoza-se-capacitaron-en-nuestro-departamento","status":"publish","type":"post","link":"https:\/\/vinasfm.com\/noticias\/brigadistas-y-bomberos-de-la-policia-de-mendoza-se-capacitaron-en-nuestro-departamento\/","title":{"rendered":"BRIGADISTAS Y BOMBEROS DE LA POLIC\u00cdA DE MENDOZA SE CAPACITARON EN NUESTRO DEPARTAMENTO"},"content":{"rendered":"<h4><strong>En la ma\u00f1ana de este s\u00e1bado se realiz\u00f3 una capacitaci\u00f3n de lucha contra incendios con aviones y helic\u00f3pteros hidrantes, destinada a Brigadistas del Plan Provincial y Nacional del Manejo del Fuego y Bomberos de la Polic\u00eda de Mendoza.<\/strong><\/h4>\n<p>Brigadistas y Bomberos de la Polic\u00eda de Mendoza se capacitaron en lucha contra incendios, en esta oportunidad se cont\u00f3 con un helic\u00f3ptero con un equipo para lanzar agua denominado bambi bucket, un avi\u00f3n hidrante Air Tractor 802 y un Cessna 182 que oficia de avi\u00f3n observador y direcciona los lanzamientos desde el aire: \u201c<em>Es para refrescar los conocimientos que poseen y mantener los est\u00e1ndares de seguridad. En el caso de los Cessna 182 son aviones muy vers\u00e1tiles y de bajo costo por lo que son muy operativos<\/em>\u201d dijo el titular del PPMF Guillermo Ferraris.<\/p>\n<p>En esta ocasi\u00f3n se trabaj\u00f3 en c\u00f3mo conectar el bambi bucket, c\u00f3mo opera este sistema, c\u00f3mo ascender y descender, adem\u00e1s de otras normas de seguridad. Ferraris destac\u00f3 la tarea que se realiz\u00f3 en nuestro departamento durante esta temporada, que si bien fue extremadamente seca, las tareas no superaron la de otros a\u00f1os: \u201c<em>Tratamos de trabajar con Defensa Civil y Bomberos, todos de manera coordinada. En Alvear resalta el trabajo de los productores y el Municipio que realizaron una gran cantidad de picadas, se hicieron aperturas de picadas y mantenimiento, lo que nos permiti\u00f3 trabajar muy bien y que no se pasara a mayores ya que se pudo ingresar y se pudieron contener incendios gracias a las picadas<\/em>\u201d.<\/p>\n<p>Nuestro departamento hizo una gran tarea en este sentido, que es destacada a nivel provincial. El Director de Defensa Civil Adolfo Balverde hizo hincapi\u00e9 en la importancia de esta capacitaci\u00f3n, sobre todo para mantener la seguridad entre los trabajadores involucrados, adem\u00e1s de mantener el est\u00e1ndar en cuanto al uso de las maquinarias: \u201c<em>Esto es fundamental para proteger la vida de las personas<\/em>\u201d expres\u00f3. Balverde tambi\u00e9n remarc\u00f3 la importancia de contar con una motoniveladora en el Municipio: \u201c<em>La gente tom\u00f3 conciencia de la necesidad de las picadas contrafuego, hay que destacar el trabajo desde la Comuna hacia el sector, ya que se puede acceder a este servicio a un valor muy bajo y que est\u00e1 al alcance de cualquier productor que lo requiera\u201d.<\/em><\/p>\n<p>En este sentido la mayor\u00eda de los productores tambi\u00e9n se comprometieron y trabajaron en sus campos en la realizaci\u00f3n de picadas, lo que ayuda a prevenir incendios en nuestra regi\u00f3n, \u201c<em>Todas estas acciones colaboran con la tarea de los brigadistas, se protegen los alambrados y los animales tienen un acceso para escapes<\/em>\u201d remarc\u00f3 Balverde.<\/p>\n<p><em>F.B.<\/em><\/p>\n","protected":false},"excerpt":{"rendered":"<p>En la ma\u00f1ana de este s\u00e1bado se realiz\u00f3 una capacitaci\u00f3n de lucha contra incendios con aviones y helic\u00f3pteros hidrantes, destinada a &#8230;<\/p>\n","protected":false},"author":8,"featured_media":65595,"comment_status":"open","ping_status":"open","sticky":false,"template":"","format":"standard","meta":{"footnotes":""},"categories":[5,51],"tags":[],"class_list":["post-65594","post","type-post","status-publish","format-standard","has-post-thumbnail","hentry","category-actualidad","category-defensa-civil"],"_links":{"self":[{"href":"https:\/\/vinasfm.com\/noticias\/wp-json\/wp\/v2\/posts\/65594","targetHints":{"allow":["GET"]}}],"collection":[{"href":"https:\/\/vinasfm.com\/noticias\/wp-json\/wp\/v2\/posts"}],"about":[{"href":"https:\/\/vinasfm.com\/noticias\/wp-json\/wp\/v2\/types\/post"}],"author":[{"embeddable":true,"href":"https:\/\/vinasfm.com\/noticias\/wp-json\/wp\/v2\/users\/8"}],"replies":[{"embeddable":true,"href":"https:\/\/vinasfm.com\/noticias\/wp-json\/wp\/v2\/comments?post=65594"}],"version-history":[{"count":1,"href":"https:\/\/vinasfm.com\/noticias\/wp-json\/wp\/v2\/posts\/65594\/revisions"}],"predecessor-version":[{"id":65652,"href":"https:\/\/vinasfm.com\/noticias\/wp-json\/wp\/v2\/posts\/65594\/revisions\/65652"}],"wp:featuredmedia":[{"embeddable":true,"href":"https:\/\/vinasfm.com\/noticias\/wp-json\/wp\/v2\/media\/65595"}],"wp:attachment":[{"href":"https:\/\/vinasfm.com\/noticias\/wp-json\/wp\/v2\/media?parent=65594"}],"wp:term":[{"taxonomy":"category","embeddable":true,"href":"https:\/\/vinasfm.com\/noticias\/wp-json\/wp\/v2\/categories?post=65594"},{"taxonomy":"post_tag","embeddable":true,"href":"https:\/\/vinasfm.com\/noticias\/wp-json\/wp\/v2\/tags?post=65594"}],"curies":[{"name":"wp","href":"https:\/\/api.w.org\/{rel}","templated":true}]}}