{"id":65569,"date":"2020-02-29T10:39:20","date_gmt":"2020-02-29T13:39:20","guid":{"rendered":"http:\/\/vinasfm.com\/noticias\/?p=65569"},"modified":"2020-03-02T08:05:24","modified_gmt":"2020-03-02T11:05:24","slug":"transporte-gratuito-para-alumnos-de-zonas-rurales","status":"publish","type":"post","link":"https:\/\/vinasfm.com\/noticias\/transporte-gratuito-para-alumnos-de-zonas-rurales\/","title":{"rendered":"TRANSPORTE GRATUITO PARA ALUMNOS DE ZONAS RURALES"},"content":{"rendered":"<p><strong>Mediante un convenio entre la Municipalidad de General Alvear y la Direcci\u00f3n General de Escuelas se brindar\u00e1 servicio de Transporte Escolar para alumnos de zonas rurales.<\/strong><\/p>\n<p>El Intendente Walther Marcolini en el acto de inicio lectivo 2020 se refiri\u00f3 a este convenio, donde aclar\u00f3 que el compromiso desde el municipio es realizar un aporte significativo para el transporte escolar junto a la DGE. Tambi\u00e9n destac\u00f3 que desde General Alvear se le presta el servicio a escuelas de algunos distritos de San Rafael. <a href=\"http:\/\/vinasfm.com\/noticias\/wp-content\/uploads\/2020\/02\/Convenio-de-Transporte-Escolar-1-scaled.jpg\"><img loading=\"lazy\" decoding=\"async\" class=\"size-medium wp-image-65570 alignright\" src=\"http:\/\/vinasfm.com\/noticias\/wp-content\/uploads\/2020\/02\/Convenio-de-Transporte-Escolar-1-300x200.jpg\" alt=\"\" width=\"300\" height=\"200\" srcset=\"https:\/\/vinasfm.com\/noticias\/wp-content\/uploads\/2020\/02\/Convenio-de-Transporte-Escolar-1-300x200.jpg 300w, https:\/\/vinasfm.com\/noticias\/wp-content\/uploads\/2020\/02\/Convenio-de-Transporte-Escolar-1-1024x683.jpg 1024w, https:\/\/vinasfm.com\/noticias\/wp-content\/uploads\/2020\/02\/Convenio-de-Transporte-Escolar-1-768x512.jpg 768w, https:\/\/vinasfm.com\/noticias\/wp-content\/uploads\/2020\/02\/Convenio-de-Transporte-Escolar-1-1536x1024.jpg 1536w, https:\/\/vinasfm.com\/noticias\/wp-content\/uploads\/2020\/02\/Convenio-de-Transporte-Escolar-1-2048x1365.jpg 2048w\" sizes=\"auto, (max-width: 300px) 100vw, 300px\" \/><\/a><\/p>\n<p>El convenio consiste en un aporte de dos millones cien mil pesos por parte de la DGE y desde la Municipalidad se realizar\u00e1 la contribuci\u00f3n de un mill\u00f3n ochocientos mil pesos, el Programa completo para el a\u00f1o es de nueve millones. Alvear es uno de los pocos municipios que tiene un convenio con la DGE, el objetivo principal de este convenio es que todos los ni\u00f1os est\u00e9n en la escuela. \u201cCon esto podemos comenzar a trabajar en el fortalecimiento de las instituciones educativas\u201d asegur\u00f3 la Directora de Educaci\u00f3n Norma Ruiz quien celebr\u00f3 la reuni\u00f3n realizada.<\/p>\n<p>En cuanto a los ejes de la reuni\u00f3n, Ruiz manifest\u00f3 que: \u201cTienen que ver con tem\u00e1ticas que quedaron pendientes del a\u00f1o pasado, como por ejemplo la tem\u00e1tica de salud y discapacidad, en ese sentido hemos estado trabajando y qued\u00f3 la reuni\u00f3n pendiente\u201d explic\u00f3.<\/p>\n<p>Por su parte la Supervisora Regional Nancy Aguirre dijo: \u201cEl a\u00f1o pasado, al finalizar el ciclo lectivo, buscamos fortalecer las debilidades que tuvimos para convertirlas en fortalezas. Por eso debemos buscar establecer acciones y estrategias puntuales para poder avanzar, sino nos quedamos en la queja y eso no nos lleva a ning\u00fan lugar\u201d. Por ello es que en la reuni\u00f3n de este viernes se tocaron temas concretos como el transporte.<\/p>\n<p>Acerca de los desaf\u00edos que afronta la educaci\u00f3n, Aguirre expres\u00f3: \u201cTenemos que afianzar la lectura, que es una de las acciones que tiene el director de primaria, la fluidez lectora, que los alumnos puedan leer comprensivamente para que el paso por la primaria sea con \u00e9xito y que al pasar al secundario no se encuentren con dificultades. En esto soy muy realista y creo que hay que trabajar firmemente para darle un puntapi\u00e9 inicial\u201d.<\/p>\n<p>Las escuelas beneficia<strong>das son \u00c9nore de Monte, Jos\u00e9 Musale del Paraje Corral de Lorca, Arist\u00f3bulo del Valle, Provincia de San Luis, Fuerte Nuevo, Sebasti\u00e1n Samper y la Escuela Especial Prof. Luis Morzone<\/strong>, de esta manera se garantiza la escolaridad de los alumnos de Ciudad y Distritos de todo el Departamento, para que la distancia no sea motivo de abandono de los estudios.<\/p>\n<h5><strong><em>A.C.<\/em><\/strong><\/h5>\n","protected":false},"excerpt":{"rendered":"<p>Mediante un convenio entre la Municipalidad de General Alvear y la Direcci\u00f3n General de Escuelas se brindar\u00e1 servicio de Transporte Escolar &#8230;<\/p>\n","protected":false},"author":7,"featured_media":59488,"comment_status":"open","ping_status":"open","sticky":false,"template":"","format":"standard","meta":{"footnotes":""},"categories":[5,18],"tags":[],"class_list":["post-65569","post","type-post","status-publish","format-standard","has-post-thumbnail","hentry","category-actualidad","category-educacion"],"_links":{"self":[{"href":"https:\/\/vinasfm.com\/noticias\/wp-json\/wp\/v2\/posts\/65569","targetHints":{"allow":["GET"]}}],"collection":[{"href":"https:\/\/vinasfm.com\/noticias\/wp-json\/wp\/v2\/posts"}],"about":[{"href":"https:\/\/vinasfm.com\/noticias\/wp-json\/wp\/v2\/types\/post"}],"author":[{"embeddable":true,"href":"https:\/\/vinasfm.com\/noticias\/wp-json\/wp\/v2\/users\/7"}],"replies":[{"embeddable":true,"href":"https:\/\/vinasfm.com\/noticias\/wp-json\/wp\/v2\/comments?post=65569"}],"version-history":[{"count":1,"href":"https:\/\/vinasfm.com\/noticias\/wp-json\/wp\/v2\/posts\/65569\/revisions"}],"predecessor-version":[{"id":65571,"href":"https:\/\/vinasfm.com\/noticias\/wp-json\/wp\/v2\/posts\/65569\/revisions\/65571"}],"wp:featuredmedia":[{"embeddable":true,"href":"https:\/\/vinasfm.com\/noticias\/wp-json\/wp\/v2\/media\/59488"}],"wp:attachment":[{"href":"https:\/\/vinasfm.com\/noticias\/wp-json\/wp\/v2\/media?parent=65569"}],"wp:term":[{"taxonomy":"category","embeddable":true,"href":"https:\/\/vinasfm.com\/noticias\/wp-json\/wp\/v2\/categories?post=65569"},{"taxonomy":"post_tag","embeddable":true,"href":"https:\/\/vinasfm.com\/noticias\/wp-json\/wp\/v2\/tags?post=65569"}],"curies":[{"name":"wp","href":"https:\/\/api.w.org\/{rel}","templated":true}]}}