{"id":65478,"date":"2020-02-26T07:43:22","date_gmt":"2020-02-26T10:43:22","guid":{"rendered":"http:\/\/vinasfm.com\/noticias\/?p=65478"},"modified":"2020-02-26T07:43:22","modified_gmt":"2020-02-26T10:43:22","slug":"el-ministerio-de-salud-llama-a-concurso-de-residentes-2020-para-cubrir-70-especialidades","status":"publish","type":"post","link":"https:\/\/vinasfm.com\/noticias\/el-ministerio-de-salud-llama-a-concurso-de-residentes-2020-para-cubrir-70-especialidades\/","title":{"rendered":"EL MINISTERIO DE SALUD LLAMA A CONCURSO DE RESIDENTES 2020 PARA CUBRIR 70 ESPECIALIDADES"},"content":{"rendered":"<h4><strong>La evaluaci\u00f3n de las residencias m\u00e9dicas y no m\u00e9dicas para examen \u00fanico nacional ser\u00e1 el 21 de abril, mientras que las de car\u00e1cter exclusivo provincial ser\u00e1n el 30 de abril. Ambas instancias se realizar\u00e1n en la Facultad de Ciencias Pol\u00edticas y Sociales de la Universidad Nacional de Cuyo.<\/strong><\/h4>\n<p>La Direcci\u00f3n General de Recursos Humanos del Ministerio de Salud, Desarrollo Social y Deportes comienza el proceso de ex\u00e1menes para residencias m\u00e9dicas y no m\u00e9dicas. Esta evaluaci\u00f3n de las residencias m\u00e9dicas y no m\u00e9dicas para examen \u00fanico nacional ser\u00e1 el 21 de abril, mientras que las de car\u00e1cter exclusivo provincial ser\u00e1n el 30 de abril. Ambas instancias se realizar\u00e1n en la Facultad de Ciencias Pol\u00edticas y Sociales de la Universidad Nacional de Cuyo.<\/p>\n<p>Este llamado es para cubrir 70 especialidades en 37 sedes, donde se destacan los hospitales Central, Notti, Lagomaggiore y Schestakow. Tambi\u00e9n participan la Obra Social de Empleados P\u00fablicos (OSEP), la Fundaci\u00f3n Escuela de Medicina Nuclear (Fuesmen) y los hospitales Italiano y Espa\u00f1ol.<\/p>\n<p>En la provincia ser\u00e1 el segundo a\u00f1o que se realizar\u00e1 el examen \u00fanico a nivel nacional. Esto se da en virtud de la modificaci\u00f3n de la ley nacional, que cont\u00f3 con el apoyo de ambas c\u00e1maras en la Legislatura. Se apunta a fortalecer las especialidades cr\u00edticas, que son la pediatr\u00eda cl\u00ednica, la cl\u00ednica m\u00e9dica, la medicina de familia, la emergentolog\u00eda y la anestesia. Estas son ponderadas de forma distinta en el llamado desde el a\u00f1o pasado, ya que la incorporaci\u00f3n de m\u00e1s profesionales ha tra\u00eddo beneficios.<\/p>\n<p>Los interesados podr\u00e1n informarse al tel\u00e9fono 261 4492916 de lunes a viernes de 8 a 15. Las inscripciones definitivas se realizar\u00e1n en el Departamento de Concurso del Ministerio de Salud, San Mart\u00edn 421 de la Ciudad de Mendoza.<\/p>\n<p><strong>Examen \u00fanico<\/strong><\/p>\n<p>Se realizar\u00e1 el martes 21 de abril en la Facultad de Ciencias Pol\u00edticas y Sociales de la UNCuyo.<\/p>\n<p>Residencias 1\u00b0 nivel M\u00e9dicas: Anatom\u00eda Patol\u00f3gica<em>,\u00a0<\/em>Anestesiolog\u00eda, Cardiolog\u00eda, Cirug\u00eda General, Cirug\u00eda Cardiovascular, Cirug\u00eda Pedi\u00e1trica, Cl\u00ednica M\u00e9dica, Dermatolog\u00eda, Diagn\u00f3stico por Im\u00e1genes, Emergentolog\u00eda, Fisiatr\u00eda, Ginecolog\u00eda, Medicina de Familia, Medicina Nuclear, Nefrolog\u00eda, Neumolog\u00eda, Neurocirug\u00eda, Neurolog\u00eda, Oftalmolog\u00eda, Ortopedia y Traumatolog\u00eda, Otorrinolaringolog\u00eda, Pediatr\u00eda, Psiquiatr\u00eda, Terapia Intensiva, Tocoginecolog\u00eda, Urolog\u00eda.<\/p>\n<p>Residencias 1\u00b0 nivel No M\u00e9dicas: Enfermer\u00eda Pedi\u00e1trica y Neonatal, Enfermer\u00eda en Salud Mental, Enfermer\u00eda Comunitaria, Enfermer\u00eda Generalista Medico-Quir\u00fargica, Enfermer\u00eda en Cuidados Cr\u00edticos, Enfermer\u00eda en Control de Infecci\u00f3n, Bioqu\u00edmica Cl\u00ednica.<\/p>\n<p><strong>Examen provincial<\/strong><\/p>\n<p>Se realizar\u00e1 el jueves 30 de abril en la Facultad de Ciencias Pol\u00edticas de la UNCuyo.<\/p>\n<p>Residencias 1\u00b0 nivel No M\u00e9dicas: Audiolog\u00eda, Endodoncia, Farmacia Hospitalaria, Fonoestomatolog\u00eda, Kinesiolog\u00eda en Fisiatr\u00eda, Kinesiolog\u00eda General, Kinesiolog\u00eda en Respiratorio Adultos, Kinesiolog\u00eda Pedi\u00e1trica,\u00a0 Kinesiolog\u00eda en Neurolog\u00eda,\u00a0 Nutrici\u00f3n y Alimentaci\u00f3n de Adultos, Nutrici\u00f3n y Alimentaci\u00f3n Infanto-juvenil, Odontolog\u00eda General, Odontopediatr\u00eda, Psicolog\u00eda Cl\u00ednica, Trabajo Social en Salud Mental, Trabajo Social P\u00fablica.<\/p>\n<p>Residencias 2\u00b0 nivel No M\u00e9dicas: Psicolog\u00eda Cl\u00ednica con menci\u00f3n en Neuropsicolog\u00eda, Psicolog\u00eda Infanto-juvenil, Trabajo Social\u00a0 Infanto-juvenil, Microbiolog\u00eda Cl\u00ednica.<\/p>\n<p>Residencias 2\u00b0 nivel M\u00e9dicas: Cirug\u00eda Bari\u00e1trica y Metab\u00f3lica. Cirug\u00eda Est\u00e9tica, Pl\u00e1stica y Reparadora, Cirug\u00eda Vascular Perif\u00e9rica, Endocrinolog\u00eda, Endocrinolog\u00eda Pedi\u00e1trica, Gastroenterolog\u00eda, Ginecolog\u00eda Infantojuvenil, Hematolog\u00eda, Hematolog\u00eda Pedi\u00e1trica, Hemoterapia, Infectolog\u00eda, Inmunolog\u00eda, Neonatolog\u00eda, Neumonolog\u00eda Pedi\u00e1trica, Neurolog\u00eda Cl\u00ednica, Oncolog\u00eda Cl\u00ednica, Psiquiatr\u00eda Infanto-juvenil, Radioterapia, Reumatolog\u00eda Terapia Intensiva Pedi\u00e1trica, Trasplantolog\u00eda Cl\u00ednica Intrator\u00e1cica.<\/p>\n<h5><strong><em>A.C.<\/em><\/strong><\/h5>\n","protected":false},"excerpt":{"rendered":"<p>La evaluaci\u00f3n de las residencias m\u00e9dicas y no m\u00e9dicas para examen \u00fanico nacional ser\u00e1 el 21 de abril, mientras que las &#8230;<\/p>\n","protected":false},"author":7,"featured_media":4206,"comment_status":"open","ping_status":"open","sticky":false,"template":"","format":"standard","meta":{"footnotes":""},"categories":[5,15],"tags":[],"class_list":["post-65478","post","type-post","status-publish","format-standard","has-post-thumbnail","hentry","category-actualidad","category-salud"],"_links":{"self":[{"href":"https:\/\/vinasfm.com\/noticias\/wp-json\/wp\/v2\/posts\/65478","targetHints":{"allow":["GET"]}}],"collection":[{"href":"https:\/\/vinasfm.com\/noticias\/wp-json\/wp\/v2\/posts"}],"about":[{"href":"https:\/\/vinasfm.com\/noticias\/wp-json\/wp\/v2\/types\/post"}],"author":[{"embeddable":true,"href":"https:\/\/vinasfm.com\/noticias\/wp-json\/wp\/v2\/users\/7"}],"replies":[{"embeddable":true,"href":"https:\/\/vinasfm.com\/noticias\/wp-json\/wp\/v2\/comments?post=65478"}],"version-history":[{"count":1,"href":"https:\/\/vinasfm.com\/noticias\/wp-json\/wp\/v2\/posts\/65478\/revisions"}],"predecessor-version":[{"id":65479,"href":"https:\/\/vinasfm.com\/noticias\/wp-json\/wp\/v2\/posts\/65478\/revisions\/65479"}],"wp:featuredmedia":[{"embeddable":true,"href":"https:\/\/vinasfm.com\/noticias\/wp-json\/wp\/v2\/media\/4206"}],"wp:attachment":[{"href":"https:\/\/vinasfm.com\/noticias\/wp-json\/wp\/v2\/media?parent=65478"}],"wp:term":[{"taxonomy":"category","embeddable":true,"href":"https:\/\/vinasfm.com\/noticias\/wp-json\/wp\/v2\/categories?post=65478"},{"taxonomy":"post_tag","embeddable":true,"href":"https:\/\/vinasfm.com\/noticias\/wp-json\/wp\/v2\/tags?post=65478"}],"curies":[{"name":"wp","href":"https:\/\/api.w.org\/{rel}","templated":true}]}}