{"id":65453,"date":"2020-02-22T08:23:07","date_gmt":"2020-02-22T11:23:07","guid":{"rendered":"http:\/\/vinasfm.com\/noticias\/?p=65453"},"modified":"2020-02-25T10:09:46","modified_gmt":"2020-02-25T13:09:46","slug":"choque-en-libertador-sur-y-francia","status":"publish","type":"post","link":"https:\/\/vinasfm.com\/noticias\/choque-en-libertador-sur-y-francia\/","title":{"rendered":"CHOQUE EN LIBERTADOR SUR Y FRANCIA"},"content":{"rendered":"<h4 class=\"_5pbx userContent _3576\" data-testid=\"post_message\" data-ft=\"{&quot;tn&quot;:&quot;K&quot;}\">En pleno mediod\u00eda del s\u00e1bado dos autom\u00f3viles colisionaron en la intersecci\u00f3n de Avenida Libertador Sur y Francia.<\/h4>\n<p>La conductora de uno de los veh\u00edculos y el conductor del otro fuero trasladados al Hospital Enfermeros Argentinos solo con algunos golpes que no revistieron gravedad.<\/p>\n<h5>A.C.<\/h5>\n<div class=\"_3x-2\" data-ft=\"{&quot;tn&quot;:&quot;H&quot;}\">\n<div data-ft=\"{&quot;tn&quot;:&quot;H&quot;}\">\n<div class=\"mtm\">\n<div class=\"_2a2q _65sr\"><\/div>\n<\/div>\n<\/div>\n<\/div>\n","protected":false},"excerpt":{"rendered":"<p>En pleno mediod\u00eda del s\u00e1bado dos autom\u00f3viles colisionaron en la intersecci\u00f3n de Avenida Libertador Sur y Francia. La conductora de uno &#8230;<\/p>\n","protected":false},"author":7,"featured_media":65454,"comment_status":"open","ping_status":"open","sticky":false,"template":"","format":"standard","meta":{"footnotes":""},"categories":[5,4],"tags":[],"class_list":["post-65453","post","type-post","status-publish","format-standard","has-post-thumbnail","hentry","category-actualidad","category-policiales"],"_links":{"self":[{"href":"https:\/\/vinasfm.com\/noticias\/wp-json\/wp\/v2\/posts\/65453","targetHints":{"allow":["GET"]}}],"collection":[{"href":"https:\/\/vinasfm.com\/noticias\/wp-json\/wp\/v2\/posts"}],"about":[{"href":"https:\/\/vinasfm.com\/noticias\/wp-json\/wp\/v2\/types\/post"}],"author":[{"embeddable":true,"href":"https:\/\/vinasfm.com\/noticias\/wp-json\/wp\/v2\/users\/7"}],"replies":[{"embeddable":true,"href":"https:\/\/vinasfm.com\/noticias\/wp-json\/wp\/v2\/comments?post=65453"}],"version-history":[{"count":1,"href":"https:\/\/vinasfm.com\/noticias\/wp-json\/wp\/v2\/posts\/65453\/revisions"}],"predecessor-version":[{"id":65455,"href":"https:\/\/vinasfm.com\/noticias\/wp-json\/wp\/v2\/posts\/65453\/revisions\/65455"}],"wp:featuredmedia":[{"embeddable":true,"href":"https:\/\/vinasfm.com\/noticias\/wp-json\/wp\/v2\/media\/65454"}],"wp:attachment":[{"href":"https:\/\/vinasfm.com\/noticias\/wp-json\/wp\/v2\/media?parent=65453"}],"wp:term":[{"taxonomy":"category","embeddable":true,"href":"https:\/\/vinasfm.com\/noticias\/wp-json\/wp\/v2\/categories?post=65453"},{"taxonomy":"post_tag","embeddable":true,"href":"https:\/\/vinasfm.com\/noticias\/wp-json\/wp\/v2\/tags?post=65453"}],"curies":[{"name":"wp","href":"https:\/\/api.w.org\/{rel}","templated":true}]}}