{"id":65443,"date":"2020-02-24T09:43:58","date_gmt":"2020-02-24T12:43:58","guid":{"rendered":"http:\/\/vinasfm.com\/noticias\/?p=65443"},"modified":"2020-02-26T07:44:45","modified_gmt":"2020-02-26T10:44:45","slug":"jany-molero-hoy-tenemos-un-iscamen-a-la-vanguardia-del-mundo","status":"publish","type":"post","link":"https:\/\/vinasfm.com\/noticias\/jany-molero-hoy-tenemos-un-iscamen-a-la-vanguardia-del-mundo\/","title":{"rendered":"\u00abJANY\u00bb MOLERO: \u00abHOY TENEMOS UN ISCAMEN A LA VANGUARDIA DEL MUNDO\u00bb"},"content":{"rendered":"<h4><strong>El s\u00e1bado por la ma\u00f1ana en la vuelta del programa de entrevistas de F.M. Vi\u00f1as \u201cPuntos de Vista\u201d, estuvo presente el Presidente del Iscamen, Alejandro \u201cJany\u201d Molero, quien se refiri\u00f3 a la actualidad del Instituto.<\/strong><\/h4>\n<p>\u201cHoy tenemos un Iscamen a la vanguardia del mundo\u201d se\u00f1al\u00f3 Molero, en referencia a los procesos que se llevan adelante fundamentalmente en el combate y erradicaci\u00f3n de plagas con m\u00e9todos amigables con el medioambiente, como el control contra la Lobesia y mosca del mediterr\u00e1neo.<\/p>\n<p>\u201cPor primera vez en la historia, Mendoza est\u00e1 exportando fruta en fresco a Estados Unidos de un \u00e1rea libre sin ning\u00fan proceso cuarentenario\u201d. Es decir sin ninguna fumigaci\u00f3n, la fruta se cosecha, se embala, se carga en contenedores y se env\u00eda.<\/p>\n<p>En el \u00faltimo tiempo tambi\u00e9n se han realizado intercambios de experiencias y exposiciones en otras partes del mundo, donde la provincia ha sido tomada como ejemplo en sanidad y control, incluso llegando a exportar productos como el caso de Moscas del Mediterr\u00e1neo est\u00e9riles a Bolivia y pr\u00f3ximamente a Marruecos. En sentido se estar\u00edan haciendo algunas tratativas con Pa\u00edses \u00c1rabes, al igual que con la regi\u00f3n Patag\u00f3nica.<\/p>\n<p>En materia de salud humana, se trabaja en la investigaci\u00f3n para la cr\u00eda masiva de mosquitos est\u00e9riles \u00a0que se convierte en vector para enfermedades como el dengue, zika y fiebre chikungu\u00f1a. \u00a0En un primer momento se liberar\u00eda por el noreste argentino, zona m\u00e1s afectada por este insecto.<\/p>\n<p>\u201cPasamos de un Iscamen totalmente destruido con la p\u00e9rdida del status Sanitario de Mendoza, la imposibilidad de comercializar nuestra producci\u00f3n fuera de Mendoza a un Instituto que hoy marcha a la vanguardia a nivel mundial y marca un rumbo en materia de control y erradicaci\u00f3n de plagas\u201d, sostuvo Molero.<\/p>\n<p>Seg\u00fan explic\u00f3 este proceso se comenz\u00f3, primero repatriando a cient\u00edficos mendocinos que s encontraban trabajando fuera del pa\u00eds y que hoy vuelcan su conocimiento en la bioplanta de Iscamen. Sobre la infraestructura y personal manifest\u00f3 que estaban en condiciones de abandono y que impactaban directamente en las condiciones laborales, habiendo mejorado sustancialmente.<\/p>\n<h4><strong>PRESUPUESTO 2.020<\/strong><\/h4>\n<p>Luego de la no aprobaci\u00f3n de la toma de deuda para el presupuesto 2.020 por parte del PJ\/C\u00e1mpora, el ex legislador se\u00f1al\u00f3: \u201cel justicialismo despu\u00e9s de muchos a\u00f1os perdi\u00f3 liderazgo, no tiene una figura fuerte que lidere. Hay algunos sectores que a lo \u00fanico que apuntan es sacar r\u00e9dito pol\u00edtico de estas situaciones. \u00a0En esta crisis que se est\u00e1 viviendo predominan intereses personales y sectoriales mezquinos, donde se desvirt\u00faa el dialogo y el raciocinio \u00a0a la hora de encontrar una soluci\u00f3n a una provincia con serias dificultades\u201d<\/p>\n<p>Uno de los argumento del peronismo para no aprobarlo fue lo sucedido en el \u00faltimo a\u00f1o al frente de la gobernaci\u00f3n de Francisco P\u00e9rez, \u201cA Paco P\u00e9rez no se le aprob\u00f3 el presupuesto porque era en d\u00f3lares y para gastos corrientes. Cuando el endeudamiento es para generar trabajo y obra p\u00fablica, generar desarrollo no puede ser analizado de la misma forma\u201d.<\/p>\n<h5><strong>A.C.<\/strong><\/h5>\n<p>&nbsp;<\/p>\n<p>&nbsp;<\/p>\n<p>&nbsp;<\/p>\n","protected":false},"excerpt":{"rendered":"<p>El s\u00e1bado por la ma\u00f1ana en la vuelta del programa de entrevistas de F.M. Vi\u00f1as \u201cPuntos de Vista\u201d, estuvo presente el &#8230;<\/p>\n","protected":false},"author":7,"featured_media":45608,"comment_status":"open","ping_status":"open","sticky":false,"template":"","format":"standard","meta":{"footnotes":""},"categories":[5,35],"tags":[],"class_list":["post-65443","post","type-post","status-publish","format-standard","has-post-thumbnail","hentry","category-actualidad","category-iscamen"],"_links":{"self":[{"href":"https:\/\/vinasfm.com\/noticias\/wp-json\/wp\/v2\/posts\/65443","targetHints":{"allow":["GET"]}}],"collection":[{"href":"https:\/\/vinasfm.com\/noticias\/wp-json\/wp\/v2\/posts"}],"about":[{"href":"https:\/\/vinasfm.com\/noticias\/wp-json\/wp\/v2\/types\/post"}],"author":[{"embeddable":true,"href":"https:\/\/vinasfm.com\/noticias\/wp-json\/wp\/v2\/users\/7"}],"replies":[{"embeddable":true,"href":"https:\/\/vinasfm.com\/noticias\/wp-json\/wp\/v2\/comments?post=65443"}],"version-history":[{"count":1,"href":"https:\/\/vinasfm.com\/noticias\/wp-json\/wp\/v2\/posts\/65443\/revisions"}],"predecessor-version":[{"id":65444,"href":"https:\/\/vinasfm.com\/noticias\/wp-json\/wp\/v2\/posts\/65443\/revisions\/65444"}],"wp:featuredmedia":[{"embeddable":true,"href":"https:\/\/vinasfm.com\/noticias\/wp-json\/wp\/v2\/media\/45608"}],"wp:attachment":[{"href":"https:\/\/vinasfm.com\/noticias\/wp-json\/wp\/v2\/media?parent=65443"}],"wp:term":[{"taxonomy":"category","embeddable":true,"href":"https:\/\/vinasfm.com\/noticias\/wp-json\/wp\/v2\/categories?post=65443"},{"taxonomy":"post_tag","embeddable":true,"href":"https:\/\/vinasfm.com\/noticias\/wp-json\/wp\/v2\/tags?post=65443"}],"curies":[{"name":"wp","href":"https:\/\/api.w.org\/{rel}","templated":true}]}}