{"id":65425,"date":"2020-02-22T10:36:44","date_gmt":"2020-02-22T13:36:44","guid":{"rendered":"http:\/\/vinasfm.com\/noticias\/?p=65425"},"modified":"2020-02-25T08:01:16","modified_gmt":"2020-02-25T11:01:16","slug":"mario-barbieri-renuncio-como-subdelegado-del-rio-atuel","status":"publish","type":"post","link":"https:\/\/vinasfm.com\/noticias\/mario-barbieri-renuncio-como-subdelegado-del-rio-atuel\/","title":{"rendered":"MARIO BARBIERI RENUNCI\u00d3 COMO SUBDELEGADO DEL R\u00cdO ATUEL"},"content":{"rendered":"<h4><strong>Este viernes por la tarde el Ing. Mario Barbieri renunci\u00f3 a su cargo como Subdelegado de Aguas del R\u00edo Atuel, luego de varias pol\u00e9micas en los \u00faltimos tiempos, y con el descubrimiento de tomas irregulares en la cuenca alta en febrero.<\/strong><\/h4>\n<p>En conferencia de prensa Barbieri explic\u00f3 los motivos de su decisi\u00f3n, \u201c<strong><em>algunos internos que los he expresado al Superintendente Sergio Marinelli a lo largo de este tiempo de gesti\u00f3n\u201d<\/em><\/strong>.<\/p>\n<p>Con respecto a la denuncia en la Inspecci\u00f3n La Junta \u2013 Cohihueco y El Sosneado expres\u00f3 que <em>\u201cla jefatura del R\u00edo Malarg\u00fce por una resoluci\u00f3n del a\u00f1o 2.015 ten\u00eda a su manejo territorial y funcional esta Inspecci\u00f3n. Luego de la denuncia he enviado los informes correspondientes a la Superintendencia\u201d. \u201c<\/em>M<em>e encuentro a total disposici\u00f3n de las investigaciones que se est\u00e1n realiz<\/em>ando\u201d agreg\u00f3.<\/p>\n<p>Entre los factores externos que motivaron su declinaci\u00f3n manifest\u00f3: \u201c<strong><em>Percibo un ataque sistem\u00e1tico y no constructivo a Irrigaci\u00f3n \u00a0cuyos motivos me exceden y que est\u00e1n debilitando esta instituci\u00f3n tan importante\u201d.<\/em><\/strong><\/p>\n<p>Todas estas situaciones y otras m\u00e1s en las que <strong><em>\u201cel mal uso de las redes sociales, la desinformaci\u00f3n, la falta de respeto, el oportunismo, la hipocres\u00eda han generado un desgaste personal muy grande\u201d,<\/em><\/strong> se\u00f1al\u00f3.<\/p>\n<p><em>\u201cEl compromiso, la responsabilidad y honestidad han estado en cada decisi\u00f3n a lo largo de estos 2 a\u00f1os y medio de gesti\u00f3n, intentando estar cerca de los regantes e intentando solucionar sus problemas con aciertos y desaciertos<\/em>\u201d, sostuvo.<\/p>\n<p>Curiosamente el ex subdelegado, dijo que: \u201c<strong><em>Hay que sacar los ego\u00edsmos e individualismos que hoy existen puertas adentro del ente y que actualmente no permiten sincerar el manejo de este recurso tan vital y valioso para los mendocinos que es el agua\u201d.<\/em><\/strong><\/p>\n<p><strong>Barbieri finaliz\u00f3 diciendo: \u201c<em>La pol\u00edtica no ha jugado una buena pasada y a lo largo de estos dos a\u00f1os y siete meses me ha tocado vivir situaciones sobre el manejo de temas como el de la fractura hidr\u00e1ulica, la discusi\u00f3n por la Ley 7722<\/em>\u00ab, por lo que ante el esc\u00e1ndalo del posible robo de aguas en el R\u00edo Atuel sentenci\u00f3: \u201c<em>Ha sido la gota que colm\u00f3 el vaso\u201d.<\/em><\/strong><\/p>\n<h5><em><strong>A.C.<\/strong><\/em><\/h5>\n<p>&nbsp;<\/p>\n","protected":false},"excerpt":{"rendered":"<p>Este viernes por la tarde el Ing. Mario Barbieri renunci\u00f3 a su cargo como Subdelegado de Aguas del R\u00edo Atuel, luego &#8230;<\/p>\n","protected":false},"author":7,"featured_media":65426,"comment_status":"open","ping_status":"open","sticky":false,"template":"","format":"standard","meta":{"footnotes":""},"categories":[5,37],"tags":[],"class_list":["post-65425","post","type-post","status-publish","format-standard","has-post-thumbnail","hentry","category-actualidad","category-irrigacion"],"_links":{"self":[{"href":"https:\/\/vinasfm.com\/noticias\/wp-json\/wp\/v2\/posts\/65425","targetHints":{"allow":["GET"]}}],"collection":[{"href":"https:\/\/vinasfm.com\/noticias\/wp-json\/wp\/v2\/posts"}],"about":[{"href":"https:\/\/vinasfm.com\/noticias\/wp-json\/wp\/v2\/types\/post"}],"author":[{"embeddable":true,"href":"https:\/\/vinasfm.com\/noticias\/wp-json\/wp\/v2\/users\/7"}],"replies":[{"embeddable":true,"href":"https:\/\/vinasfm.com\/noticias\/wp-json\/wp\/v2\/comments?post=65425"}],"version-history":[{"count":1,"href":"https:\/\/vinasfm.com\/noticias\/wp-json\/wp\/v2\/posts\/65425\/revisions"}],"predecessor-version":[{"id":65427,"href":"https:\/\/vinasfm.com\/noticias\/wp-json\/wp\/v2\/posts\/65425\/revisions\/65427"}],"wp:featuredmedia":[{"embeddable":true,"href":"https:\/\/vinasfm.com\/noticias\/wp-json\/wp\/v2\/media\/65426"}],"wp:attachment":[{"href":"https:\/\/vinasfm.com\/noticias\/wp-json\/wp\/v2\/media?parent=65425"}],"wp:term":[{"taxonomy":"category","embeddable":true,"href":"https:\/\/vinasfm.com\/noticias\/wp-json\/wp\/v2\/categories?post=65425"},{"taxonomy":"post_tag","embeddable":true,"href":"https:\/\/vinasfm.com\/noticias\/wp-json\/wp\/v2\/tags?post=65425"}],"curies":[{"name":"wp","href":"https:\/\/api.w.org\/{rel}","templated":true}]}}