{"id":65408,"date":"2020-02-22T10:17:07","date_gmt":"2020-02-22T13:17:07","guid":{"rendered":"http:\/\/vinasfm.com\/noticias\/?p=65408"},"modified":"2020-02-24T09:59:12","modified_gmt":"2020-02-24T12:59:12","slug":"perpetua-para-ramon-castro-por-el-femicidio-de-roxana-ferreyra","status":"publish","type":"post","link":"https:\/\/vinasfm.com\/noticias\/perpetua-para-ramon-castro-por-el-femicidio-de-roxana-ferreyra\/","title":{"rendered":"PERPETUA PARA RAM\u00d3N CASTRO POR EL FEMICIDIO DE ROXANA FERREYRA"},"content":{"rendered":"<h4><strong>El primer juicio por jurado del 2.020 en Mendoza determin\u00f3 cadena perpetua para Ram\u00f3n Castro Porcel. Se trat\u00f3 del caso Roxana Ferreyra, la mujer asesinada por su ex pareja, de una pu\u00f1alada en el cuello en la v\u00eda p\u00fablica, el 5 de noviembre de 2018 en General Alvear.<\/strong><\/h4>\n<p>Pasado el mediod\u00eda del viernes, luego de los alegatos expresados por las partes, el jurado \u2013tras la deliberaci\u00f3n\u2013 lleg\u00f3 a una conclusi\u00f3n y esa fue que no solo estaba acreditado el hecho que era juzgado, sino tambi\u00e9n que el acusado, Ram\u00f3n Castro, era culpable del delito \u201chomicidio doblemente agravado por el v\u00ednculo y por violencia de g\u00e9nero\u201d.<\/p>\n<p>El tribunal popular, compuesto por 6 hombres y 6 mujeres, coincidi\u00f3 con lo expuesto por el fiscal Pablo Pe\u00f1asco, quien aport\u00f3 pruebas claves en el debate y no dud\u00f3 en afirmar que Castro mat\u00f3 con premeditaci\u00f3n a su expareja.<\/p>\n<p>Atr\u00e1s qued\u00f3 el intento de la defensa del imputado por demostrar que el sujeto actu\u00f3 bajo estado de emoci\u00f3n violenta, con el \u00fanico prop\u00f3sito de reducir la pena. Sin embargo, ni siquiera el perito de parte, ofrecido para el debate, contribuy\u00f3 a esa estrategia, por lo que el final fue ineludible.<\/p>\n<p>A trav\u00e9s de la determinaci\u00f3n del juez Julio Bittar, se declar\u00f3\u00a0a Castro autor responsable del delito contra Roxana Ferreyra. En este sentido continuar\u00e1 alojado en la penitenciar\u00eda de San Rafael.<\/p>\n<h5><strong><em>A.C.<\/em><\/strong><\/h5>\n<p>&nbsp;<\/p>\n","protected":false},"excerpt":{"rendered":"<p>El primer juicio por jurado del 2.020 en Mendoza determin\u00f3 cadena perpetua para Ram\u00f3n Castro Porcel. Se trat\u00f3 del caso Roxana &#8230;<\/p>\n","protected":false},"author":7,"featured_media":65409,"comment_status":"open","ping_status":"open","sticky":false,"template":"","format":"standard","meta":{"footnotes":""},"categories":[5,22],"tags":[],"class_list":["post-65408","post","type-post","status-publish","format-standard","has-post-thumbnail","hentry","category-actualidad","category-justicia"],"_links":{"self":[{"href":"https:\/\/vinasfm.com\/noticias\/wp-json\/wp\/v2\/posts\/65408","targetHints":{"allow":["GET"]}}],"collection":[{"href":"https:\/\/vinasfm.com\/noticias\/wp-json\/wp\/v2\/posts"}],"about":[{"href":"https:\/\/vinasfm.com\/noticias\/wp-json\/wp\/v2\/types\/post"}],"author":[{"embeddable":true,"href":"https:\/\/vinasfm.com\/noticias\/wp-json\/wp\/v2\/users\/7"}],"replies":[{"embeddable":true,"href":"https:\/\/vinasfm.com\/noticias\/wp-json\/wp\/v2\/comments?post=65408"}],"version-history":[{"count":1,"href":"https:\/\/vinasfm.com\/noticias\/wp-json\/wp\/v2\/posts\/65408\/revisions"}],"predecessor-version":[{"id":65410,"href":"https:\/\/vinasfm.com\/noticias\/wp-json\/wp\/v2\/posts\/65408\/revisions\/65410"}],"wp:featuredmedia":[{"embeddable":true,"href":"https:\/\/vinasfm.com\/noticias\/wp-json\/wp\/v2\/media\/65409"}],"wp:attachment":[{"href":"https:\/\/vinasfm.com\/noticias\/wp-json\/wp\/v2\/media?parent=65408"}],"wp:term":[{"taxonomy":"category","embeddable":true,"href":"https:\/\/vinasfm.com\/noticias\/wp-json\/wp\/v2\/categories?post=65408"},{"taxonomy":"post_tag","embeddable":true,"href":"https:\/\/vinasfm.com\/noticias\/wp-json\/wp\/v2\/tags?post=65408"}],"curies":[{"name":"wp","href":"https:\/\/api.w.org\/{rel}","templated":true}]}}