{"id":65385,"date":"2020-02-21T07:38:05","date_gmt":"2020-02-21T10:38:05","guid":{"rendered":"http:\/\/vinasfm.com\/noticias\/?p=65385"},"modified":"2020-02-22T09:51:44","modified_gmt":"2020-02-22T12:51:44","slug":"sigue-la-polemica-por-el-trasvase-del-rio-grande-al-atuel","status":"publish","type":"post","link":"https:\/\/vinasfm.com\/noticias\/sigue-la-polemica-por-el-trasvase-del-rio-grande-al-atuel\/","title":{"rendered":"SIGUE LA POL\u00c9MICA POR EL TRASVASE DEL R\u00cdO GRANDE AL ATUEL"},"content":{"rendered":"<h4><strong>Cualquier palabra o hecho que suceda en Mendoza respecto a los r\u00edos nacidos en esta provincia siempre tiene eco en la vecina La Pampa. Ahora, luego de conocerse un proyecto que pide declarar prioritaria la obra del trasvase del r\u00edo Grande al Atuel, se volvi\u00f3 a generar pol\u00e9mica en el lado pampeano.<\/strong><\/h4>\n<p>Aunque la obra del trasvase es gigantesca en costo e ingenier\u00eda, y ni siquiera tiene hecho un estudio de impacto ambiental, hay quienes se apuran a hablar de ello y esto enciende m\u00e1s las alarmas en La Pampa, que mientras se opone a cualquier intervenci\u00f3n en los r\u00edos, cobra regal\u00edas por Los Nihuiles, algo que varios dirigentes mendocinos vienen pidiendo que se termine.<\/p>\n<p>Con t\u00edtulos como \u201cMendoza blanquear\u00eda que sacar\u00eda agua del Colorado\u201d o \u201cMendoza vuelve a la carga con el trasvase\u201d, medios pampeanos se hicieron eco de una noticia aparecida sobre un proyecto para declarar prioritario el trasvase.<\/p>\n<p>\u201cAs\u00ed Mendoza, acuciada por la hist\u00f3rica bajante del Atuel, arremete en forma oficial y blanquea sus verdaderas intenciones\u201d, dice una parte del texto del diario La Arena.<\/p>\n<p>Reproducen que \u201cel trasvase del r\u00edo Grande al r\u00edo Atuel es la obra h\u00eddrica m\u00e1s trascendente para la provincia de Mendoza y por su importancia ambiental, h\u00eddrica y energ\u00e9tica, se le debe dar prioridad en su proyecci\u00f3n y ejecuci\u00f3n\u201d, explica el proyecto, y destaca que tendr\u00e1 un \u201calto impacto socioecon\u00f3mico con 66.600 nuevas hect\u00e1reas de riego y elevando el potencial hidroel\u00e9ctrico de Los Nihuiles. Obviamente que sus proyecciones excluyen totalmente a La Pampa\u201d, a\u00f1ade el medio de comunicaci\u00f3n.<\/p>\n<p>Este tema surge en medio del resurgimiento de la pol\u00e9mica por Portezuelo del Viento, obra que Mendoza quiere iniciar a fin de a\u00f1o (si es que no se demora el proceso licitatorio) y cuyos estudios ya est\u00e1n aprobados en el Coirco, aunque ahora desde La Pampa quieren que se a\u00f1ada otro estudio y sue\u00f1an con frenar la obra aprovechando la designaci\u00f3n de un pampeano al frente de ese organismo de cuenca.<\/p>\n<p>El propio subsecretario de Energ\u00eda y Miner\u00eda de Mendoza, Emilio Gui\u00f1az\u00fa, se meti\u00f3 en la pol\u00e9mica y escribi\u00f3 que \u201cel proyecto de Portezuelo no incluye el trasvase del Grande al Atuel. No tiene factibilidad ni estudio de impacto ambiental\u201d. Y refiri\u00e9ndose a Portezuelo afirm\u00f3 que \u201cel proyecto tiene sus estudios de impacto ambiental con todo lo requerido desde el punto de vista t\u00e9cnico, legal, social y econ\u00f3mico estudiado y evaluado, y mal que le pese a algunos, aprobados por el Coirco\u201d.<\/p>\n<p>D\u00edas atr\u00e1s, un medio de San Rafael daba cuenta de un proyecto presentado en la Legislatura provincial con el objetivo de declarar como \u201cprioritaria\u201d la obra del trasvase del r\u00edo Grande al Atuel, un proyecto del que se viene hablando hace mucho tiempo y sobre el que poco se ha podido avanzar.<\/p>\n<p>En el informe se destaca que el proyecto establece que la obra de Portezuelo del Viento quedar\u00eda incompleta sin el mentado trasvase. Hay que recordar que desde agosto de 1977 se firm\u00f3 la ley convenio 21.611, por la cual se le concedi\u00f3 a Mendoza el derecho de trasvasar del r\u00edo Grande al Atuel un cupo de 34 metros c\u00fabicos por segundo, lo que permitir\u00eda mejorar significativamente las condiciones del r\u00edo.<\/p>\n<p>En este marco, en declaraciones al peri\u00f3dico El Memo, uno de los funcionarios de Irrigaci\u00f3n plante\u00f3 que es pr\u00e1cticamente imposible ejecutar esa obra en estos tiempos.<br \/>\nMario Luraschi, director de Control de Calidad de Agua del Departamento General de Irrigaci\u00f3n, plante\u00f3 en sus declaraciones que \u201cesa obra es fara\u00f3nica y hoy es imposible de afrontar. Se estudi\u00f3 en su momento, se analiz\u00f3 minuciosamente, pero no\u00bb.<\/p>\n<p>Hay que remarcar que la noticia hab\u00eda generado la reacci\u00f3n de la vecina provincia de La Pampa, quienes plantearon que \u201chablar del trasvase del r\u00edo Grande es hablar de la destrucci\u00f3n del r\u00edo Colorado\u00bb.<\/p>\n<h5><strong><em>Fuente: Diario San Rafael \/ A.C.<\/em><\/strong><\/h5>\n","protected":false},"excerpt":{"rendered":"<p>Cualquier palabra o hecho que suceda en Mendoza respecto a los r\u00edos nacidos en esta provincia siempre tiene eco en la &#8230;<\/p>\n","protected":false},"author":7,"featured_media":48038,"comment_status":"open","ping_status":"open","sticky":false,"template":"","format":"standard","meta":{"footnotes":""},"categories":[5,54],"tags":[],"class_list":["post-65385","post","type-post","status-publish","format-standard","has-post-thumbnail","hentry","category-actualidad","category-conflicto-con-la-pampa"],"_links":{"self":[{"href":"https:\/\/vinasfm.com\/noticias\/wp-json\/wp\/v2\/posts\/65385","targetHints":{"allow":["GET"]}}],"collection":[{"href":"https:\/\/vinasfm.com\/noticias\/wp-json\/wp\/v2\/posts"}],"about":[{"href":"https:\/\/vinasfm.com\/noticias\/wp-json\/wp\/v2\/types\/post"}],"author":[{"embeddable":true,"href":"https:\/\/vinasfm.com\/noticias\/wp-json\/wp\/v2\/users\/7"}],"replies":[{"embeddable":true,"href":"https:\/\/vinasfm.com\/noticias\/wp-json\/wp\/v2\/comments?post=65385"}],"version-history":[{"count":1,"href":"https:\/\/vinasfm.com\/noticias\/wp-json\/wp\/v2\/posts\/65385\/revisions"}],"predecessor-version":[{"id":65386,"href":"https:\/\/vinasfm.com\/noticias\/wp-json\/wp\/v2\/posts\/65385\/revisions\/65386"}],"wp:featuredmedia":[{"embeddable":true,"href":"https:\/\/vinasfm.com\/noticias\/wp-json\/wp\/v2\/media\/48038"}],"wp:attachment":[{"href":"https:\/\/vinasfm.com\/noticias\/wp-json\/wp\/v2\/media?parent=65385"}],"wp:term":[{"taxonomy":"category","embeddable":true,"href":"https:\/\/vinasfm.com\/noticias\/wp-json\/wp\/v2\/categories?post=65385"},{"taxonomy":"post_tag","embeddable":true,"href":"https:\/\/vinasfm.com\/noticias\/wp-json\/wp\/v2\/tags?post=65385"}],"curies":[{"name":"wp","href":"https:\/\/api.w.org\/{rel}","templated":true}]}}