{"id":65379,"date":"2020-02-24T08:46:41","date_gmt":"2020-02-24T11:46:41","guid":{"rendered":"http:\/\/vinasfm.com\/noticias\/?p=65379"},"modified":"2020-02-24T10:18:19","modified_gmt":"2020-02-24T13:18:19","slug":"todas-las-actividades-que-podes-hacer-en-alvear-este-fin-de-semana-extra-largo","status":"publish","type":"post","link":"https:\/\/vinasfm.com\/noticias\/todas-las-actividades-que-podes-hacer-en-alvear-este-fin-de-semana-extra-largo\/","title":{"rendered":"TODAS LAS ACTIVIDADES QUE PODES HACER EN ALVEAR ESTE FIN DE SEMANA EXTRA LARGO"},"content":{"rendered":"<h4><strong>El fin de semana extra largo por carnaval se vivir\u00e1 a pleno en General Alvear con actividades para todos los gustos y edades.<\/strong><\/h4>\n<p>Desde el viernes 21 de febrero en Tu Espacio Cultural se puede ver la muestra de arte colectiva de dibujo y pintura \u201cTensiones colectivas\u201d, una propuesta de arte reciclado, donde se presentar\u00e1n Dami\u00e1n Garay y tambi\u00e9n estar\u00e1n con su arte Dahiana Cerro y Julieta Padilla de \u201cVena Bohemia\u201d.<\/p>\n<p>La nueva cartelera del Cine Antonio Lafalla tiene films para todos los gustos, para los m\u00e1s peque\u00f1os est\u00e1 Sonic, la pel\u00edcula a las 17:45h, 1917 a las 20:00h y La maldici\u00f3n renace a las 22:30 horas.<\/p>\n<p>Este lunes 24 de febrero a las 20 hs. en el marco del feriado de Carnaval, Costanera Suena estar\u00e1 colmada de actividades. All\u00ed estar\u00e1n tocando la Banda mendocina Bela Lugosi, La Onda Cuartetera y show humor\u00edstico de Juanci P\u00e9rez, tambi\u00e9n estar\u00e1 disponible el Bus tur\u00edstico.<\/p>\n<h4><strong>VENDIMIA<\/strong><\/h4>\n<p>Contin\u00faa la colecta de \u00fatiles escolares \u201cReinas en Acci\u00f3n\u201d. Todos los interesados\u00a0 pueden colaborar acerc\u00e1ndose al informador tur\u00edstico del Km 0, a Tu Espacio Cultural y en las Delegaciones municipales de Alvear Oeste, Bowen y San Pedro del Atuel.<\/p>\n<p>En lo que respecta a la vendimia nacional , durante la Semana Federal el mi\u00e9rcoles 26 de febrero, \u00a0le tocar\u00e1 a General Alvear. El espect\u00e1culo ser\u00e1 un resumen de la fiesta departamental con el mismo mensaje de Agua de Esperanza. En el stand adem\u00e1s habr\u00e1 degustaciones, promociones y las reinas acompa\u00f1\u00e1ndo.<\/p>\n<h5><strong><em>A.C.<\/em><\/strong><\/h5>\n","protected":false},"excerpt":{"rendered":"<p>El fin de semana extra largo por carnaval se vivir\u00e1 a pleno en General Alvear con actividades para todos los gustos &#8230;<\/p>\n","protected":false},"author":7,"featured_media":29711,"comment_status":"open","ping_status":"open","sticky":false,"template":"","format":"standard","meta":{"footnotes":""},"categories":[5,19,20],"tags":[],"class_list":["post-65379","post","type-post","status-publish","format-standard","has-post-thumbnail","hentry","category-actualidad","category-cultura","category-turismo"],"_links":{"self":[{"href":"https:\/\/vinasfm.com\/noticias\/wp-json\/wp\/v2\/posts\/65379","targetHints":{"allow":["GET"]}}],"collection":[{"href":"https:\/\/vinasfm.com\/noticias\/wp-json\/wp\/v2\/posts"}],"about":[{"href":"https:\/\/vinasfm.com\/noticias\/wp-json\/wp\/v2\/types\/post"}],"author":[{"embeddable":true,"href":"https:\/\/vinasfm.com\/noticias\/wp-json\/wp\/v2\/users\/7"}],"replies":[{"embeddable":true,"href":"https:\/\/vinasfm.com\/noticias\/wp-json\/wp\/v2\/comments?post=65379"}],"version-history":[{"count":2,"href":"https:\/\/vinasfm.com\/noticias\/wp-json\/wp\/v2\/posts\/65379\/revisions"}],"predecessor-version":[{"id":65452,"href":"https:\/\/vinasfm.com\/noticias\/wp-json\/wp\/v2\/posts\/65379\/revisions\/65452"}],"wp:featuredmedia":[{"embeddable":true,"href":"https:\/\/vinasfm.com\/noticias\/wp-json\/wp\/v2\/media\/29711"}],"wp:attachment":[{"href":"https:\/\/vinasfm.com\/noticias\/wp-json\/wp\/v2\/media?parent=65379"}],"wp:term":[{"taxonomy":"category","embeddable":true,"href":"https:\/\/vinasfm.com\/noticias\/wp-json\/wp\/v2\/categories?post=65379"},{"taxonomy":"post_tag","embeddable":true,"href":"https:\/\/vinasfm.com\/noticias\/wp-json\/wp\/v2\/tags?post=65379"}],"curies":[{"name":"wp","href":"https:\/\/api.w.org\/{rel}","templated":true}]}}