{"id":65355,"date":"2020-02-20T09:10:43","date_gmt":"2020-02-20T12:10:43","guid":{"rendered":"http:\/\/vinasfm.com\/noticias\/?p=65355"},"modified":"2020-02-22T07:58:54","modified_gmt":"2020-02-22T10:58:54","slug":"docentes-de-punta-de-agua-reclaman-por-mejoras-en-el-servicio-de-transporte","status":"publish","type":"post","link":"https:\/\/vinasfm.com\/noticias\/docentes-de-punta-de-agua-reclaman-por-mejoras-en-el-servicio-de-transporte\/","title":{"rendered":"DOCENTES DE PUNTA DE AGUA RECLAMAN POR MEJORAS EN EL SERVICIO DE TRANSPORTE"},"content":{"rendered":"<h4>A trav\u00e9s de un comunicado, docentes que prestan servicios en los colegios primario y secundario de Punta de Agua se\u00f1alan que debido a las distancias existentes entre ese distrito y el centro, es necesario que se realicen mejoras no solo para ellos, sino tambi\u00e9n para los vecinos del lugar.<\/h4>\n<p>En la actualidad Punta del Agua tiene acceso por el distrito Las Malvinas, solo transitable en camioneta y con una distancia de 120 kil\u00f3metros en total, de los cuales 80 kil\u00f3metros son de tierra (serruchos); por General Alvear la distancia es de 180 kil\u00f3metros, incluyendo en ese caso 45 de tierra y con grandes complicaciones en ambos accesos en \u00e9poca de tormentas.<\/p>\n<p><em>\u201cNos hemos reunido como equipo docente para solicitar ayuda. Queremos resaltar que desde que se dio inicio a la escuela secundaria en el distrito, siempre los docentes nos hemos buscado el medio de llegar hasta el lugar (veh\u00edculos particulares, compartiendo transporte, contratando traffics), pero debido a los aumentos considerables de combustible y al camino en malas condiciones, este a\u00f1o el costo es inaccesible\u201d,<\/em> se\u00f1alaron, y agregaron que <strong>no cuentan con la ayuda que reciben los dem\u00e1s docentes del transporte p\u00fablico gratuito, por no tener el distrito transporte con frecuencia diaria.<\/strong><\/p>\n<p><strong>\u201c<\/strong><em><strong>Tampoco tuvimos una actualizaci\u00f3n en la zona docente de la escuela<\/strong>, quedando con el mismo porcentaje que muchas que se encuentran a distancia menor y con l\u00ednea de colectivo<\/em>\u201d, aseguraron.<\/p>\n<p>Adem\u00e1s, expresaron que el transporte es utilizado por docentes de la escuela primaria, de la secundaria y por vecinos que necesitan viajar a San Rafael o a General Alvear, ya sea por temas de salud, tr\u00e1mites y otros. Debido a que no cuentan los pobladores del lugar con otro medio de transporte, <strong>solo hay un colectivo los d\u00edas lunes y viernes, quedando por esta raz\u00f3n aislados e imposibilitados para acceder a las ciudades mencionadas.<\/strong><\/p>\n<p><em><strong>\u201cNuestro pedido concreto es poder contar con un transporte p\u00fablico que sea de utilidad tanto para docentes como para la poblaci\u00f3n del lugar.<\/strong> En el caso de no ser posible, solicitamos la ayuda y\/o subsidio a fin de solventar parte de los gastos generados para el transporte. Nuestra intenci\u00f3n es poder seguir asistiendo a la escuela, reconociendo la importancia de la educaci\u00f3n y que esta llegue a todos los ni\u00f1os y adolescentes como herramienta para su futuro, crear nuevas oportunidades y acompa\u00f1ar el crecimiento\u201d<\/em>, destacaron.<\/p>\n<h5><em><strong>A.C.<\/strong><\/em><\/h5>\n","protected":false},"excerpt":{"rendered":"<p>A trav\u00e9s de un comunicado, docentes que prestan servicios en los colegios primario y secundario de Punta de Agua se\u00f1alan que &#8230;<\/p>\n","protected":false},"author":7,"featured_media":18759,"comment_status":"open","ping_status":"open","sticky":false,"template":"","format":"standard","meta":{"footnotes":""},"categories":[5,18],"tags":[],"class_list":["post-65355","post","type-post","status-publish","format-standard","has-post-thumbnail","hentry","category-actualidad","category-educacion"],"_links":{"self":[{"href":"https:\/\/vinasfm.com\/noticias\/wp-json\/wp\/v2\/posts\/65355","targetHints":{"allow":["GET"]}}],"collection":[{"href":"https:\/\/vinasfm.com\/noticias\/wp-json\/wp\/v2\/posts"}],"about":[{"href":"https:\/\/vinasfm.com\/noticias\/wp-json\/wp\/v2\/types\/post"}],"author":[{"embeddable":true,"href":"https:\/\/vinasfm.com\/noticias\/wp-json\/wp\/v2\/users\/7"}],"replies":[{"embeddable":true,"href":"https:\/\/vinasfm.com\/noticias\/wp-json\/wp\/v2\/comments?post=65355"}],"version-history":[{"count":2,"href":"https:\/\/vinasfm.com\/noticias\/wp-json\/wp\/v2\/posts\/65355\/revisions"}],"predecessor-version":[{"id":65358,"href":"https:\/\/vinasfm.com\/noticias\/wp-json\/wp\/v2\/posts\/65355\/revisions\/65358"}],"wp:featuredmedia":[{"embeddable":true,"href":"https:\/\/vinasfm.com\/noticias\/wp-json\/wp\/v2\/media\/18759"}],"wp:attachment":[{"href":"https:\/\/vinasfm.com\/noticias\/wp-json\/wp\/v2\/media?parent=65355"}],"wp:term":[{"taxonomy":"category","embeddable":true,"href":"https:\/\/vinasfm.com\/noticias\/wp-json\/wp\/v2\/categories?post=65355"},{"taxonomy":"post_tag","embeddable":true,"href":"https:\/\/vinasfm.com\/noticias\/wp-json\/wp\/v2\/tags?post=65355"}],"curies":[{"name":"wp","href":"https:\/\/api.w.org\/{rel}","templated":true}]}}