{"id":65351,"date":"2020-02-20T07:40:33","date_gmt":"2020-02-20T10:40:33","guid":{"rendered":"http:\/\/vinasfm.com\/noticias\/?p=65351"},"modified":"2020-02-21T08:54:15","modified_gmt":"2020-02-21T11:54:15","slug":"por-el-ingreso-de-un-frente-frio-este-jueves-baja-considerablemente-la-temperatura","status":"publish","type":"post","link":"https:\/\/vinasfm.com\/noticias\/por-el-ingreso-de-un-frente-frio-este-jueves-baja-considerablemente-la-temperatura\/","title":{"rendered":"POR EL INGRESO DE UN FRENTE FR\u00cdO ESTE JUEVES BAJA CONSIDERABLEMENTE LA TEMPERATURA"},"content":{"rendered":"<p><strong>U<\/strong><strong>n marcado descenso de la temperatura se reg<\/strong><strong>istrar\u00e1 este jueves<\/strong><strong>.<\/strong>\u00a0El ingreso de un frente fr\u00edo har\u00e1 descender la temperatura y el term\u00f3metro no alcanzar\u00e1 los 30 grados.<\/p>\n<p><strong>\u201cParcialmente nublado y ventoso con descenso de la temperatura<\/strong>\u201d, consign\u00f3 la\u00a0<strong>Direcci\u00f3n de Agricultura y Contingencias Clim\u00e1ticas.<\/strong>\u00a0Adem\u00e1s, el organismo provincial indic\u00f3 vientos moderados del Sudeste.\u00a0<strong>La m\u00e1xima ser\u00e1 de 28\u00baC mientras que la m\u00ednima de 20\u00baC.<\/strong><\/p>\n<p>Seg\u00fan el extendido, el viernes y el s\u00e1bado las m\u00e1ximas se mantendr\u00e1n por debajo de los 30 grados y el domingo la temperatura comenzar\u00e1 a subir nuevamente.<\/p>\n<h5><em><strong>A.C.<\/strong><\/em><\/h5>\n","protected":false},"excerpt":{"rendered":"<p>Un marcado descenso de la temperatura se registrar\u00e1 este jueves.\u00a0El ingreso de un frente fr\u00edo har\u00e1 descender la temperatura y el &#8230;<\/p>\n","protected":false},"author":7,"featured_media":45652,"comment_status":"open","ping_status":"open","sticky":false,"template":"","format":"standard","meta":{"footnotes":""},"categories":[1],"tags":[],"class_list":["post-65351","post","type-post","status-publish","format-standard","has-post-thumbnail","hentry","category-fmvinas"],"_links":{"self":[{"href":"https:\/\/vinasfm.com\/noticias\/wp-json\/wp\/v2\/posts\/65351","targetHints":{"allow":["GET"]}}],"collection":[{"href":"https:\/\/vinasfm.com\/noticias\/wp-json\/wp\/v2\/posts"}],"about":[{"href":"https:\/\/vinasfm.com\/noticias\/wp-json\/wp\/v2\/types\/post"}],"author":[{"embeddable":true,"href":"https:\/\/vinasfm.com\/noticias\/wp-json\/wp\/v2\/users\/7"}],"replies":[{"embeddable":true,"href":"https:\/\/vinasfm.com\/noticias\/wp-json\/wp\/v2\/comments?post=65351"}],"version-history":[{"count":1,"href":"https:\/\/vinasfm.com\/noticias\/wp-json\/wp\/v2\/posts\/65351\/revisions"}],"predecessor-version":[{"id":65352,"href":"https:\/\/vinasfm.com\/noticias\/wp-json\/wp\/v2\/posts\/65351\/revisions\/65352"}],"wp:featuredmedia":[{"embeddable":true,"href":"https:\/\/vinasfm.com\/noticias\/wp-json\/wp\/v2\/media\/45652"}],"wp:attachment":[{"href":"https:\/\/vinasfm.com\/noticias\/wp-json\/wp\/v2\/media?parent=65351"}],"wp:term":[{"taxonomy":"category","embeddable":true,"href":"https:\/\/vinasfm.com\/noticias\/wp-json\/wp\/v2\/categories?post=65351"},{"taxonomy":"post_tag","embeddable":true,"href":"https:\/\/vinasfm.com\/noticias\/wp-json\/wp\/v2\/tags?post=65351"}],"curies":[{"name":"wp","href":"https:\/\/api.w.org\/{rel}","templated":true}]}}