{"id":65340,"date":"2020-02-20T07:45:07","date_gmt":"2020-02-20T10:45:07","guid":{"rendered":"http:\/\/vinasfm.com\/noticias\/?p=65340"},"modified":"2020-02-21T09:41:04","modified_gmt":"2020-02-21T12:41:04","slug":"finalizo-con-la-primera-etapa-de-asistencia-a-los-productores-damnificados-por-las-tormentas","status":"publish","type":"post","link":"https:\/\/vinasfm.com\/noticias\/finalizo-con-la-primera-etapa-de-asistencia-a-los-productores-damnificados-por-las-tormentas\/","title":{"rendered":"FINALIZ\u00d3 CON LA PRIMERA ETAPA DE ASISTENCIA A LOS PRODUCTORES DAMNIFICADOS POR LAS TORMENTAS"},"content":{"rendered":"<h4><strong>En la jornada del mi\u00e9rcoles finaliz\u00f3 la primera etapa de asistencia a los productores damnificados por el granizo, otorgada por el municipio a trav\u00e9s de la Direcci\u00f3n de Agricultura.<\/strong><\/h4>\n<p>La entrega de material se realiz\u00f3 en la Delegaci\u00f3n de Bowen, consistiendo en Oxicloruro de Cobre para las curas preventivas y tambi\u00e9n gasoil.<\/p>\n<p><em>\u201cLa idea de la asistencia fue que los productores realicen curas preventivas, se entreg\u00f3 alrededor de 1000 kilos de Oxicloruro de Cobre, las zonas que hemos atacado han sido comprendidas entre las calles 16 y 22 y Centenario y calle Q<\/em>\u201d,\u00a0 manifest\u00f3 Leandro Silvestre, Subdirector de Agricultura.<\/p>\n<p><em>\u201cLo que realiza el cobre es curar y cicatrizar la planta. Siempre les recomendamos a los productores que realicen la denuncia para luego tener el certificado de emergencia que los puede habilitar para otras herramientas. Adem\u00e1s se est\u00e1 entregando gasoil hasta 5 hect\u00e1reas con 5 litros por hect\u00e1rea y los de hasta 10 hect\u00e1reas con 2,5 litros por hect\u00e1rea<\/em>\u201d agreg\u00f3 Silvestre.<\/p>\n<p>Hasta el momento se ha asistido a m\u00e1s de 70 productores, se ha entregado el 70% del material, el Subdirector de Agricultura dijo \u201c<em>le recordamos a los productores que se acerquen a buscar el material para los frutales\u201d<\/em>.<\/p>\n<p>Hern\u00e1n Climent, Delegado de Bowen dijo: \u201c<em>todas las ayudas que realiza el gobierno son muy buenas, han pasado m\u00e1s de 70 productores por la Delegaci\u00f3n, la Asistencia siempre viene bien como los pozos de agua y siempre explicamos a la gente que estamos esperando la pr\u00f3xima ayuda para el otro sector, por suerte entienden que tienen que esperar un poco\u201d<\/em>.<\/p>\n<h5><strong><em>A.C.<\/em><\/strong><\/h5>\n","protected":false},"excerpt":{"rendered":"<p>En la jornada del mi\u00e9rcoles finaliz\u00f3 la primera etapa de asistencia a los productores damnificados por el granizo, otorgada por el &#8230;<\/p>\n","protected":false},"author":7,"featured_media":65341,"comment_status":"open","ping_status":"open","sticky":false,"template":"","format":"standard","meta":{"footnotes":""},"categories":[5,14],"tags":[],"class_list":["post-65340","post","type-post","status-publish","format-standard","has-post-thumbnail","hentry","category-actualidad","category-agro"],"_links":{"self":[{"href":"https:\/\/vinasfm.com\/noticias\/wp-json\/wp\/v2\/posts\/65340","targetHints":{"allow":["GET"]}}],"collection":[{"href":"https:\/\/vinasfm.com\/noticias\/wp-json\/wp\/v2\/posts"}],"about":[{"href":"https:\/\/vinasfm.com\/noticias\/wp-json\/wp\/v2\/types\/post"}],"author":[{"embeddable":true,"href":"https:\/\/vinasfm.com\/noticias\/wp-json\/wp\/v2\/users\/7"}],"replies":[{"embeddable":true,"href":"https:\/\/vinasfm.com\/noticias\/wp-json\/wp\/v2\/comments?post=65340"}],"version-history":[{"count":1,"href":"https:\/\/vinasfm.com\/noticias\/wp-json\/wp\/v2\/posts\/65340\/revisions"}],"predecessor-version":[{"id":65342,"href":"https:\/\/vinasfm.com\/noticias\/wp-json\/wp\/v2\/posts\/65340\/revisions\/65342"}],"wp:featuredmedia":[{"embeddable":true,"href":"https:\/\/vinasfm.com\/noticias\/wp-json\/wp\/v2\/media\/65341"}],"wp:attachment":[{"href":"https:\/\/vinasfm.com\/noticias\/wp-json\/wp\/v2\/media?parent=65340"}],"wp:term":[{"taxonomy":"category","embeddable":true,"href":"https:\/\/vinasfm.com\/noticias\/wp-json\/wp\/v2\/categories?post=65340"},{"taxonomy":"post_tag","embeddable":true,"href":"https:\/\/vinasfm.com\/noticias\/wp-json\/wp\/v2\/tags?post=65340"}],"curies":[{"name":"wp","href":"https:\/\/api.w.org\/{rel}","templated":true}]}}