{"id":65300,"date":"2020-02-18T05:23:26","date_gmt":"2020-02-18T08:23:26","guid":{"rendered":"http:\/\/vinasfm.com\/noticias\/?p=65300"},"modified":"2020-02-18T10:24:59","modified_gmt":"2020-02-18T13:24:59","slug":"que-fue-lo-que-desato-la-grieta-en-el-mundo-del-vino","status":"publish","type":"post","link":"https:\/\/vinasfm.com\/noticias\/que-fue-lo-que-desato-la-grieta-en-el-mundo-del-vino\/","title":{"rendered":"QU\u00c9 FUE LO QUE DESAT\u00d3 LA GRIETA EN EL MUNDO DEL VINO"},"content":{"rendered":"<h4><strong>La elecci\u00f3n de las nuevas autoridades de la Corporaci\u00f3n Vitivin\u00edcola Argentina (Coviar), que a partir del pr\u00f3ximo 7 de marzo estar\u00e1 presidida por Jos\u00e9 Zuccardi, destap\u00f3 un fuerte cruce con Bodegas de Argentina que este lunes emiti\u00f3 un duro comunicado criticando a la corporaci\u00f3n y su forma de asignar recursos. Por su parte el pr\u00f3ximo presidente de Coviar, sali\u00f3 al cruce diciendo que el comunicado miente y que lo que se pretende es una mayor concentraci\u00f3n de la industria vitivin\u00edcola.<\/strong><\/h4>\n<p>En el escrito, que adem\u00e1s de Bodegas de Argentina es avalado por el Centro de Vi\u00f1ateros y Bodegueros del Este y de Neuqu\u00e9n, se destaca: \u00abnuestro rechazo a la forma en que se eligieron ayer nuevas autoridades en reuni\u00f3n de directorio de COVIAR, siendo que \u00e9stas no responden al pedido de renovaci\u00f3n planteado y representan exclusivamente a estos mismos sectores cuyo proceder cuestionamos. Creemos que el nuevo triunvirato de autoridades, a la cual se agrega una vicepresidencia tercera de dudosa legalidad, choca de lleno con nuestros reclamos, que lamentablemente no tuvieron eco dentro del peque\u00f1o grupo de personas que hace a\u00f1os manejan la instituci\u00f3n a su discreci\u00f3n\u00bb.<\/p>\n<p>Para reforzar, a\u00fan m\u00e1s las serias diferencias que los distancian, Patricia Ort\u00edz, presidente a Bodegas de Argentina, remarc\u00f3 que la Coviar no s\u00f3lo fracas\u00f3 con el anterior Plan Estrat\u00e9gico Vitivin\u00edcola, sino que busca reeditarlo sin revisar lo que se hizo mal.<\/p>\n<p>\u00abLa Coviar naci\u00f3 para administrar el plan estrat\u00e9gico vitivin\u00edcola y los recursos deb\u00edan ir a 3 ejes: el mercado interno, el externo y a los productores. La Coviar no es para hacer pol\u00edtica, sino para administrar los fondos y que se cumpla el plan estrat\u00e9gico y fracas\u00f3 en todos sus ejes, y quieren sacar otro para que siga funcionando la Coviar, no hay seriedad en esto. El anterior fue un fracaso, los peque\u00f1os productores est\u00e1n peores que hace 15 a\u00f1os y eso no fue por la macroeconom\u00eda\u00bb, resalt\u00f3 Ort\u00edz.<\/p>\n<p>Tambi\u00e9n cuestion\u00f3 que \u00abse usa s\u00f3lo el 25% de los ingresos de la Coviar para la promoci\u00f3n del vino en el exterior\u00bb y se usa \u00ab$8 millones en una agencia en Buenos Aires para la promoci\u00f3n de la Coviar, no s\u00e9 para qu\u00e9, porque hay intereses para que la Coviar sea la voz de la vitivinicultura, se gastan recursos que no son para lo que fue creada\u00bb, resalt\u00f3 y adelant\u00f3 que en virtud a estas diferencias no asistir\u00e1n al ya tradicional desayuno que organiza la Coviar el mismo s\u00e1bado 7 cuando se realice la Fiesta Nacional de la Vendimia .<\/p>\n<p><strong>\u00abEl comunicado miente\u00bb<\/strong><\/p>\n<p>Por su parte, el nuevo presidente de la Coviar, -asume el 7 de marzo en el desayuno de esa corporaci\u00f3n- Jos\u00e9 Zuccardi\u00a0 resalt\u00f3 que el comunicado \u00abmiente, tiene inexactitudes y sugiere una serie de cosas de mala manera\u00bb.<\/p>\n<p>\u00abLo que se discute no es si Zuccardi est\u00e1 bien o mal, lo que se discute es un esquema de poder de la vitivinicultura, ac\u00e1 hay un intento de mayor concentraci\u00f3n. Lo que pasa es que una mesa diversa como la de la Coviar, donde hay 13 instituciones de todo el pa\u00eds, es inc\u00f3moda\u00bb, retruc\u00f3 Zuccardi y ampli\u00f3: \u00abcuando tenemos el problema del precio muy bajo de la uva que est\u00e1 socavando la base de la vitivinicultura, esto es m\u00e1s una camarilla, de gente rentada, y del lobismo que se ha sumado a la actividad\u00bb.<\/p>\n<p>El bodeguero sali\u00f3 tambi\u00e9n al cruce de la negativa de los referentes de Bodegas de Argentina a asistir al tradicional desayuno de Coviar,<\/p>\n<p>\u00abEl desayuno de Coviar se ha nutrido siempre de todo el sector vitivin\u00edcola. Si ellos deciden levantarse de la mesa, pagar\u00e1n los costos necesarios. Yo creo que es necesario una vitivinicultura amplia, de muchos jugadores. Si quieren convertir a la vitivinicultura a la participaci\u00f3n de 4 o 5 est\u00e1n errados\u00bb se\u00f1al\u00f3 Zuccardi.<\/p>\n<p>El nuevo titular de Coviar neg\u00f3 que la pol\u00edtica partidaria se entrometa en esa corporaci\u00f3n: \u00abLas reuniones no son pol\u00edticas, es pol\u00edtica vitivin\u00edcola. Ellos est\u00e1n rompiendo la mesa en donde se pueden hacer cosas para todo el sector\u00bb, remarc\u00f3 y adelant\u00f3 que trabajar\u00e1 para que exista el consenso.<\/p>\n<h5><strong><em>Fuente: Diario Uno \/ A.C.<\/em><\/strong><\/h5>\n","protected":false},"excerpt":{"rendered":"<p>La elecci\u00f3n de las nuevas autoridades de la Corporaci\u00f3n Vitivin\u00edcola Argentina (Coviar), que a partir del pr\u00f3ximo 7 de marzo estar\u00e1 &#8230;<\/p>\n","protected":false},"author":7,"featured_media":18065,"comment_status":"open","ping_status":"open","sticky":false,"template":"","format":"standard","meta":{"footnotes":""},"categories":[5,14],"tags":[],"class_list":["post-65300","post","type-post","status-publish","format-standard","has-post-thumbnail","hentry","category-actualidad","category-agro"],"_links":{"self":[{"href":"https:\/\/vinasfm.com\/noticias\/wp-json\/wp\/v2\/posts\/65300","targetHints":{"allow":["GET"]}}],"collection":[{"href":"https:\/\/vinasfm.com\/noticias\/wp-json\/wp\/v2\/posts"}],"about":[{"href":"https:\/\/vinasfm.com\/noticias\/wp-json\/wp\/v2\/types\/post"}],"author":[{"embeddable":true,"href":"https:\/\/vinasfm.com\/noticias\/wp-json\/wp\/v2\/users\/7"}],"replies":[{"embeddable":true,"href":"https:\/\/vinasfm.com\/noticias\/wp-json\/wp\/v2\/comments?post=65300"}],"version-history":[{"count":1,"href":"https:\/\/vinasfm.com\/noticias\/wp-json\/wp\/v2\/posts\/65300\/revisions"}],"predecessor-version":[{"id":65301,"href":"https:\/\/vinasfm.com\/noticias\/wp-json\/wp\/v2\/posts\/65300\/revisions\/65301"}],"wp:featuredmedia":[{"embeddable":true,"href":"https:\/\/vinasfm.com\/noticias\/wp-json\/wp\/v2\/media\/18065"}],"wp:attachment":[{"href":"https:\/\/vinasfm.com\/noticias\/wp-json\/wp\/v2\/media?parent=65300"}],"wp:term":[{"taxonomy":"category","embeddable":true,"href":"https:\/\/vinasfm.com\/noticias\/wp-json\/wp\/v2\/categories?post=65300"},{"taxonomy":"post_tag","embeddable":true,"href":"https:\/\/vinasfm.com\/noticias\/wp-json\/wp\/v2\/tags?post=65300"}],"curies":[{"name":"wp","href":"https:\/\/api.w.org\/{rel}","templated":true}]}}