{"id":65203,"date":"2020-02-13T10:08:40","date_gmt":"2020-02-13T13:08:40","guid":{"rendered":"http:\/\/vinasfm.com\/noticias\/?p=65203"},"modified":"2020-02-14T10:30:26","modified_gmt":"2020-02-14T13:30:26","slug":"baja-la-temperatura-por-el-ingreso-de-un-frente-frio","status":"publish","type":"post","link":"https:\/\/vinasfm.com\/noticias\/baja-la-temperatura-por-el-ingreso-de-un-frente-frio\/","title":{"rendered":"BAJA LA TEMPERATURA POR EL INGRESO DE UN FRENTE FR\u00cdO"},"content":{"rendered":"<h4><strong>Luego de una jornada de calor y humedad en Mendoza, baja la temperatura por el ingreso de un frente fr\u00edo.<\/strong><\/h4>\n<p>La Direcci\u00f3n de Agricultura y Contingencias Clim\u00e1ticas anuncia para este jueves 13 de febrero \u00abnubosidad variable con descenso de la temperatura, vientos moderados del sector sur\u00bb. La m\u00e1xima ser\u00e1 de 29\u00baC y la m\u00ednima de 22\u00baC.<\/p>\n<p>Ya entrando al fin de semana, la temperatura volver\u00e1 a subir y el s\u00e1bado ser\u00e1 el d\u00eda m\u00e1s caluroso.<\/p>\n<h5><em><strong>A.C.<\/strong><\/em><\/h5>\n","protected":false},"excerpt":{"rendered":"<p>Luego de una jornada de calor y humedad en Mendoza, baja la temperatura por el ingreso de un frente fr\u00edo. La &#8230;<\/p>\n","protected":false},"author":7,"featured_media":31888,"comment_status":"open","ping_status":"open","sticky":false,"template":"","format":"standard","meta":{"footnotes":""},"categories":[1],"tags":[],"class_list":["post-65203","post","type-post","status-publish","format-standard","has-post-thumbnail","hentry","category-fmvinas"],"_links":{"self":[{"href":"https:\/\/vinasfm.com\/noticias\/wp-json\/wp\/v2\/posts\/65203","targetHints":{"allow":["GET"]}}],"collection":[{"href":"https:\/\/vinasfm.com\/noticias\/wp-json\/wp\/v2\/posts"}],"about":[{"href":"https:\/\/vinasfm.com\/noticias\/wp-json\/wp\/v2\/types\/post"}],"author":[{"embeddable":true,"href":"https:\/\/vinasfm.com\/noticias\/wp-json\/wp\/v2\/users\/7"}],"replies":[{"embeddable":true,"href":"https:\/\/vinasfm.com\/noticias\/wp-json\/wp\/v2\/comments?post=65203"}],"version-history":[{"count":1,"href":"https:\/\/vinasfm.com\/noticias\/wp-json\/wp\/v2\/posts\/65203\/revisions"}],"predecessor-version":[{"id":65204,"href":"https:\/\/vinasfm.com\/noticias\/wp-json\/wp\/v2\/posts\/65203\/revisions\/65204"}],"wp:featuredmedia":[{"embeddable":true,"href":"https:\/\/vinasfm.com\/noticias\/wp-json\/wp\/v2\/media\/31888"}],"wp:attachment":[{"href":"https:\/\/vinasfm.com\/noticias\/wp-json\/wp\/v2\/media?parent=65203"}],"wp:term":[{"taxonomy":"category","embeddable":true,"href":"https:\/\/vinasfm.com\/noticias\/wp-json\/wp\/v2\/categories?post=65203"},{"taxonomy":"post_tag","embeddable":true,"href":"https:\/\/vinasfm.com\/noticias\/wp-json\/wp\/v2\/tags?post=65203"}],"curies":[{"name":"wp","href":"https:\/\/api.w.org\/{rel}","templated":true}]}}