{"id":65160,"date":"2020-02-12T08:06:04","date_gmt":"2020-02-12T11:06:04","guid":{"rendered":"http:\/\/vinasfm.com\/noticias\/?p=65160"},"modified":"2020-02-12T08:20:52","modified_gmt":"2020-02-12T11:20:52","slug":"suarez-la-pampa-quiere-copar-el-coirco-pero-ya-ha-resuelto-sobre-portezuelo-del-viento","status":"publish","type":"post","link":"https:\/\/vinasfm.com\/noticias\/suarez-la-pampa-quiere-copar-el-coirco-pero-ya-ha-resuelto-sobre-portezuelo-del-viento\/","title":{"rendered":"SUAREZ: \u00abLA PAMPA QUIERE COPAR EL COIRCO PERO YA HA RESUELTO SOBRE PORTEZUELO DEL VIENTO\u00bb"},"content":{"rendered":"<h4><strong>La decisi\u00f3n del presidente Alberto Fern\u00e1ndez de\u00a0designar al ex funcionario pampeano Javier Schlegel\u00a0como presidente del Comit\u00e9 Ejecutivo del COIRCO no fue bien recibida por el Gobierno de Mendoza. El gobernador Rodolfo Suarez asegur\u00f3 que se trata de una estrategia de la vecina provincia para impedir que se realice la represa Portezuelo del Viento, pero destac\u00f3 el organismo ya resolvi\u00f3 la construcci\u00f3n de la obra.<\/strong><\/h4>\n<p><strong>\u00abEs una estrategia que est\u00e1 llevando adelante La Pampa para impedir la obra<\/strong>\u00ab, manifest\u00f3 el mandatario mendocino este martes.<\/p>\n<p>A\u00f1adi\u00f3 que \u00abnosotros creemos que La Pampa se equivocaba yendo a la justicia, porque en el \u00e1mbito que hay que resolverlo es el COIRCO.\u00a0<strong>Por eso quieren copar el COIRCO ahora, pero el COIRCO ya ha resuelto sobre el tema con un laudo del presidente (Mauricio) Macri<\/strong>\u00ab, remarc\u00f3 el gobernador.<\/p>\n<p>En este sentido sostuvo que la provincia de Mendoza va a seguir \u00abcon nuestra postura de que para la obra ya se han hecho los estudios de impacto ambiental tanto sobre el R\u00edo Grande como sobre el R\u00edo Colorado\u00bb.<\/p>\n<p>Por su parte, el ministro de Econom\u00eda y Energ\u00eda de la provincia, Enrique Vaqui\u00e9, resalt\u00f3 que \u00abMendoza ya consigui\u00f3 todas las autorizaciones del COIRCO que ten\u00eda que conseguir\u00bb y detall\u00f3 que se trata de la aprobaci\u00f3n de la obra, la declaraci\u00f3n de impacto ambiental, c\u00f3mo se har\u00e1 el llenado de la futura presa y c\u00f3mo ser\u00e1 el uso del agua.<\/p>\n<h5><strong><em>Fuente: Sitio Andino \/ A.C<\/em><\/strong><\/h5>\n","protected":false},"excerpt":{"rendered":"<p>La decisi\u00f3n del presidente Alberto Fern\u00e1ndez de\u00a0designar al ex funcionario pampeano Javier Schlegel\u00a0como presidente del Comit\u00e9 Ejecutivo del COIRCO no fue &#8230;<\/p>\n","protected":false},"author":7,"featured_media":63912,"comment_status":"open","ping_status":"open","sticky":false,"template":"","format":"standard","meta":{"footnotes":""},"categories":[5,54],"tags":[],"class_list":["post-65160","post","type-post","status-publish","format-standard","has-post-thumbnail","hentry","category-actualidad","category-conflicto-con-la-pampa"],"_links":{"self":[{"href":"https:\/\/vinasfm.com\/noticias\/wp-json\/wp\/v2\/posts\/65160","targetHints":{"allow":["GET"]}}],"collection":[{"href":"https:\/\/vinasfm.com\/noticias\/wp-json\/wp\/v2\/posts"}],"about":[{"href":"https:\/\/vinasfm.com\/noticias\/wp-json\/wp\/v2\/types\/post"}],"author":[{"embeddable":true,"href":"https:\/\/vinasfm.com\/noticias\/wp-json\/wp\/v2\/users\/7"}],"replies":[{"embeddable":true,"href":"https:\/\/vinasfm.com\/noticias\/wp-json\/wp\/v2\/comments?post=65160"}],"version-history":[{"count":1,"href":"https:\/\/vinasfm.com\/noticias\/wp-json\/wp\/v2\/posts\/65160\/revisions"}],"predecessor-version":[{"id":65161,"href":"https:\/\/vinasfm.com\/noticias\/wp-json\/wp\/v2\/posts\/65160\/revisions\/65161"}],"wp:featuredmedia":[{"embeddable":true,"href":"https:\/\/vinasfm.com\/noticias\/wp-json\/wp\/v2\/media\/63912"}],"wp:attachment":[{"href":"https:\/\/vinasfm.com\/noticias\/wp-json\/wp\/v2\/media?parent=65160"}],"wp:term":[{"taxonomy":"category","embeddable":true,"href":"https:\/\/vinasfm.com\/noticias\/wp-json\/wp\/v2\/categories?post=65160"},{"taxonomy":"post_tag","embeddable":true,"href":"https:\/\/vinasfm.com\/noticias\/wp-json\/wp\/v2\/tags?post=65160"}],"curies":[{"name":"wp","href":"https:\/\/api.w.org\/{rel}","templated":true}]}}