{"id":65158,"date":"2020-02-12T06:52:38","date_gmt":"2020-02-12T09:52:38","guid":{"rendered":"http:\/\/vinasfm.com\/noticias\/?p=65158"},"modified":"2020-02-13T08:11:51","modified_gmt":"2020-02-13T11:11:51","slug":"irrigacion-subsidiara-la-energia-electrica-de-pozos-de-agua-subterranea","status":"publish","type":"post","link":"https:\/\/vinasfm.com\/noticias\/irrigacion-subsidiara-la-energia-electrica-de-pozos-de-agua-subterranea\/","title":{"rendered":"IRRIGACI\u00d3N SUBSIDIAR\u00c1 LA ENERG\u00cdA EL\u00c9CTRICA DE POZOS DE AGUA SUBTERR\u00c1NEA"},"content":{"rendered":"<p><strong>Este acuerdo posibilitar\u00e1 aumentar la oferta de agua reactivando pozos como refuerzo de dotaci\u00f3n. Es una medida de emergencia que permitir\u00e1 que productores puedan terminar el ciclo agr\u00edcola 2020, al subsidiar el costo del consumo de energ\u00eda el\u00e9ctrica durante febrero. Despu\u00e9s comienza la corta anual de agua que determina Irrigaci\u00f3n. En General Alvear, Cecsagal y Cospac adhirieron al convenio.<\/strong><\/p>\n<p>El dinero para el subsidio proviene del Fondo Especial de Crisis H\u00eddrica 2020 de Irrigaci\u00f3n, creado por la Resoluci\u00f3n 778549\/20 de Superintendencia, que se nutre con el ahorro en sueldos de funcionarios: hay menos funcionarios y a los que quedaron se les baj\u00f3 dos veces el sueldo en los \u00faltimos cinco meses. A la vez, este a\u00f1o esos salarios est\u00e1n congelados. Tambi\u00e9n, el ahorro en combustible y una mayor eficiencia en el gasto general, junto a recortes en todas las \u00e1reas. Este fondo es de 35 millones de pesos y fue creado para financiar programas de asistencia a productores, tendientes a la optimizaci\u00f3n del uso del recurso h\u00eddrico.<\/p>\n<p>Acompa\u00f1aron la firma del convenio la Federaci\u00f3n de Inspecciones de Cauce, representada por su presidente, Edgardo Roby, e inspectores de cada cuenca.<\/p>\n<p>\u201cLa crisis h\u00eddrica que estamos sufriendo por la disminuci\u00f3n de nieve en la monta\u00f1a, consecuentemente, significa una menor oferta de agua. Estamos frente a un a\u00f1o muy cr\u00edtico, que requiere que vayamos viendo junto a los inspectores de Cauce de qu\u00e9 manera distribuimos el agua a lo largo de la temporada agr\u00edcola, para cumplir con las necesidades que tienen los cultivos en general. Y este a\u00f1o se produjo un hecho muy particular: tuvimos que hacer un reajuste en el pron\u00f3stico sobre final de a\u00f1o, producto de que la erogaci\u00f3n de los r\u00edos disminuy\u00f3, pese a que todos los a\u00f1os entre diciembre y enero aumenta el caudal\u201d, comenz\u00f3 diciendo Marinelli en la presentaci\u00f3n.<\/p>\n<p>\u201cComo una medida de emergencia y a los efectos de poder finalizar la cosecha en muchos lugares, salimos r\u00e1pidamente a buscar perforaciones que tienen distintas inspecciones de Cauce y que pueden ser usadas de forma comunitaria. Hemos podido rescatar 64 en marcha y funcionando, en todos los r\u00edos de la provincia. El 39% est\u00e1n en el r\u00edo Atuel\u201d, sostuvo el superintendente.<\/p>\n<p>\u201cGracias a las lluvias de los \u00faltimos d\u00edas, por lo menos en Atuel, Tunuy\u00e1n Superior y en Mendoza, hemos ahorrado hasta un turnado completo. Pero frente a la extrema escasez que hay, seguramente en algunos lugares va a hacer falta refuerzo\u201d, ampli\u00f3.<\/p>\n<p>\u201cHemos podido hacer esto que anunciamos hoy para aumentar la oferta de agua porque nos hemos juntado, que a mi criterio es lo que hay que hacer cuando se tienen problemas. Y el a\u00f1o que viene, que tambi\u00e9n ser\u00e1 un a\u00f1o dif\u00edcil, podremos tal vez tener una mayor cantidad de perforaciones, y con m\u00e1s tiempo planificar y relevar para conocer su estado\u201d, agreg\u00f3.<\/p>\n<p>\u201cLa Secretar\u00eda de Servicios P\u00fablicos nos ayuda para afrontar los subsidios, ya que nosotros tenemos los recursos pero los vamos obteniendo a lo largo del a\u00f1o. Y les agradezco tambi\u00e9n a las distribuidoras que van a cobrar en cuatro veces y el fondo va a compensar los intereses de esto. En principio, esta ayuda est\u00e1 prevista para febrero, pero tal vez la utilicemos tambi\u00e9n en marzo\u201d, finaliz\u00f3.<\/p>\n<p>A.C.<\/p>\n<p>&nbsp;<\/p>\n","protected":false},"excerpt":{"rendered":"<p>Este acuerdo posibilitar\u00e1 aumentar la oferta de agua reactivando pozos como refuerzo de dotaci\u00f3n. Es una medida de emergencia que permitir\u00e1 &#8230;<\/p>\n","protected":false},"author":7,"featured_media":64931,"comment_status":"open","ping_status":"open","sticky":false,"template":"","format":"standard","meta":{"footnotes":""},"categories":[5,37],"tags":[],"class_list":["post-65158","post","type-post","status-publish","format-standard","has-post-thumbnail","hentry","category-actualidad","category-irrigacion"],"_links":{"self":[{"href":"https:\/\/vinasfm.com\/noticias\/wp-json\/wp\/v2\/posts\/65158","targetHints":{"allow":["GET"]}}],"collection":[{"href":"https:\/\/vinasfm.com\/noticias\/wp-json\/wp\/v2\/posts"}],"about":[{"href":"https:\/\/vinasfm.com\/noticias\/wp-json\/wp\/v2\/types\/post"}],"author":[{"embeddable":true,"href":"https:\/\/vinasfm.com\/noticias\/wp-json\/wp\/v2\/users\/7"}],"replies":[{"embeddable":true,"href":"https:\/\/vinasfm.com\/noticias\/wp-json\/wp\/v2\/comments?post=65158"}],"version-history":[{"count":1,"href":"https:\/\/vinasfm.com\/noticias\/wp-json\/wp\/v2\/posts\/65158\/revisions"}],"predecessor-version":[{"id":65159,"href":"https:\/\/vinasfm.com\/noticias\/wp-json\/wp\/v2\/posts\/65158\/revisions\/65159"}],"wp:featuredmedia":[{"embeddable":true,"href":"https:\/\/vinasfm.com\/noticias\/wp-json\/wp\/v2\/media\/64931"}],"wp:attachment":[{"href":"https:\/\/vinasfm.com\/noticias\/wp-json\/wp\/v2\/media?parent=65158"}],"wp:term":[{"taxonomy":"category","embeddable":true,"href":"https:\/\/vinasfm.com\/noticias\/wp-json\/wp\/v2\/categories?post=65158"},{"taxonomy":"post_tag","embeddable":true,"href":"https:\/\/vinasfm.com\/noticias\/wp-json\/wp\/v2\/tags?post=65158"}],"curies":[{"name":"wp","href":"https:\/\/api.w.org\/{rel}","templated":true}]}}