{"id":65034,"date":"2020-02-10T00:31:09","date_gmt":"2020-02-10T03:31:09","guid":{"rendered":"http:\/\/vinasfm.com\/noticias\/?p=65034"},"modified":"2020-02-10T08:12:04","modified_gmt":"2020-02-10T11:12:04","slug":"el-intendente-recorrio-las-zonas-afectadas-por-la-tormenta","status":"publish","type":"post","link":"https:\/\/vinasfm.com\/noticias\/el-intendente-recorrio-las-zonas-afectadas-por-la-tormenta\/","title":{"rendered":"EL INTENDENTE RECORRI\u00d3 LAS ZONAS AFECTADAS POR LA TORMENTA"},"content":{"rendered":"<h5><strong><span style=\"font-family: Tahoma;\">Durante la ma\u00f1ana de este domingo\u00a0 el Jefe Comunal declar\u00f3 la Emergencia Social y Ambiental de San Pedro del Atuel mediante el Decreto 074-SG\/2020, debido a que el distrito a sufrido n\u00fameros da\u00f1os a causa de vientos huracanados que ocasionaron voladuras de techos, ca\u00edda de \u00e1rboles y ca\u00edda de tendido el\u00e9ctrico.<\/span><\/strong><\/h5>\n<div><span style=\"font-family: Tahoma;\">Adem\u00e1s de liberar las calles y realizar las reparaciones pertinentes urgentes, la emergencia consta de proveer de elementos para la reparaci\u00f3n de techos da\u00f1ados y asistencia a la familias. Por su parte Cecsagal trabaja a contra reloj para restablecer el servicio el\u00e9ctrico lo antes posible. Vialidad Provincial ha puesto a disposici\u00f3n personal y maquinaria para liberar calles del distrito.\u00a0<\/span><\/div>\n<div><span style=\"font-family: Tahoma;\">\u00a0<\/span><\/div>\n<div><span style=\"font-family: Tahoma;\">Con respecto a los da\u00f1os ocasionados en la zona productiva a causa del granizo, la Direcci\u00f3n de Agricultura ha informado qu\u00e9 hay zonas en el distrito de Bowen que pueden haber sufrido p\u00e9rdidas de hasta el 100%, y que a\u00fan siguen evaluando da\u00f1os y recorriendo las zonas. A la Emergencia Agr\u00edcola ya declarada anteriormente, se sumar\u00e1n acciones urgentes para asistir a lo productores damnificados, tales como proveer de Oxicloruro de Cobre, subsidios de combustible, etc. Las medidas ser\u00e1n informadas en el d\u00eda de ma\u00f1ana.\u00a0<\/span><\/div>\n<div><span style=\"font-family: Tahoma;\">\u00a0<\/span><\/div>\n<div><span style=\"font-family: Tahoma;\">Por su parte el Intendente Walther Marcolini ya puso en conocimiento al Gobierno Provincial sobre los sucesos descriptos, por lo que en el d\u00eda de ma\u00f1ana, funcionarios provinciales llegar\u00e1n al departamento para conocer la situaci\u00f3n y prestar la asistencia correspondiente requerida.<\/span><\/div>\n<div><\/div>\n<h5><em>F.B.<\/em><\/h5>\n","protected":false},"excerpt":{"rendered":"<p>Durante la ma\u00f1ana de este domingo\u00a0 el Jefe Comunal declar\u00f3 la Emergencia Social y Ambiental de San Pedro del Atuel mediante &#8230;<\/p>\n","protected":false},"author":8,"featured_media":65035,"comment_status":"open","ping_status":"open","sticky":false,"template":"","format":"standard","meta":{"footnotes":""},"categories":[1],"tags":[],"class_list":["post-65034","post","type-post","status-publish","format-standard","has-post-thumbnail","hentry","category-fmvinas"],"_links":{"self":[{"href":"https:\/\/vinasfm.com\/noticias\/wp-json\/wp\/v2\/posts\/65034","targetHints":{"allow":["GET"]}}],"collection":[{"href":"https:\/\/vinasfm.com\/noticias\/wp-json\/wp\/v2\/posts"}],"about":[{"href":"https:\/\/vinasfm.com\/noticias\/wp-json\/wp\/v2\/types\/post"}],"author":[{"embeddable":true,"href":"https:\/\/vinasfm.com\/noticias\/wp-json\/wp\/v2\/users\/8"}],"replies":[{"embeddable":true,"href":"https:\/\/vinasfm.com\/noticias\/wp-json\/wp\/v2\/comments?post=65034"}],"version-history":[{"count":2,"href":"https:\/\/vinasfm.com\/noticias\/wp-json\/wp\/v2\/posts\/65034\/revisions"}],"predecessor-version":[{"id":65066,"href":"https:\/\/vinasfm.com\/noticias\/wp-json\/wp\/v2\/posts\/65034\/revisions\/65066"}],"wp:featuredmedia":[{"embeddable":true,"href":"https:\/\/vinasfm.com\/noticias\/wp-json\/wp\/v2\/media\/65035"}],"wp:attachment":[{"href":"https:\/\/vinasfm.com\/noticias\/wp-json\/wp\/v2\/media?parent=65034"}],"wp:term":[{"taxonomy":"category","embeddable":true,"href":"https:\/\/vinasfm.com\/noticias\/wp-json\/wp\/v2\/categories?post=65034"},{"taxonomy":"post_tag","embeddable":true,"href":"https:\/\/vinasfm.com\/noticias\/wp-json\/wp\/v2\/tags?post=65034"}],"curies":[{"name":"wp","href":"https:\/\/api.w.org\/{rel}","templated":true}]}}