{"id":65020,"date":"2020-02-08T20:40:14","date_gmt":"2020-02-08T23:40:14","guid":{"rendered":"http:\/\/vinasfm.com\/noticias\/?p=65020"},"modified":"2020-02-10T10:31:27","modified_gmt":"2020-02-10T13:31:27","slug":"por-las-condiciones-climaticas-se-suspendio-el-19-festival-nacional-de-la-ciruela","status":"publish","type":"post","link":"https:\/\/vinasfm.com\/noticias\/por-las-condiciones-climaticas-se-suspendio-el-19-festival-nacional-de-la-ciruela\/","title":{"rendered":"POR LAS CONDICIONES CLIM\u00c1TICAS SE SUSPENDI\u00d3 EL 19\u00b0 FESTIVAL NACIONAL DE LA CIRUELA"},"content":{"rendered":"<h4><strong>Luego de una primera noche de espect\u00e1culos inolvidables que reuni\u00f3 a artistas de alto nivel local, provincial y nacional donde se dieron cita miles de personas, en la ma\u00f1ana de este s\u00e1bado la Comisi\u00f3n \u00abAmigos del Festival\u00bb confirm\u00f3 la suspensi\u00f3n de la agenda que se completar\u00eda esta noche y ma\u00f1ana.<\/strong><\/h4>\n<p>Primero fueron fuentes extraoficiales y rumores que fueron confirm\u00e1ndose con el paso de las horas respecto a la interrupci\u00f3n del festival que reuni\u00f3 varios miles de vecinos y visitantes que arribaron a Bowen con el fin de disfrutar de una edici\u00f3n prometedora. Decenas de artesanos y comerciantes formaron parte del paseo tradicional en el interior del predio.<\/p>\n<div id=\"attachment_65022\" style=\"width: 380px\" class=\"wp-caption alignleft\"><img loading=\"lazy\" decoding=\"async\" aria-describedby=\"caption-attachment-65022\" class=\" wp-image-65022\" src=\"http:\/\/vinasfm.com\/noticias\/wp-content\/uploads\/2020\/02\/sonido-300x168.jpg\" alt=\"\" width=\"380\" height=\"213\" srcset=\"https:\/\/vinasfm.com\/noticias\/wp-content\/uploads\/2020\/02\/sonido-300x168.jpg 300w, https:\/\/vinasfm.com\/noticias\/wp-content\/uploads\/2020\/02\/sonido-1024x575.jpg 1024w, https:\/\/vinasfm.com\/noticias\/wp-content\/uploads\/2020\/02\/sonido-768x431.jpg 768w, https:\/\/vinasfm.com\/noticias\/wp-content\/uploads\/2020\/02\/sonido-750x420.jpg 750w, https:\/\/vinasfm.com\/noticias\/wp-content\/uploads\/2020\/02\/sonido.jpg 1040w\" sizes=\"auto, (max-width: 380px) 100vw, 380px\" \/><p id=\"caption-attachment-65022\" class=\"wp-caption-text\">La empresa de sonido retirando los equipos del lugar.<\/p><\/div>\n<p>La justificaci\u00f3n fue el pron\u00f3stico para nada halag\u00fce\u00f1o que emiti\u00f3 el Servicio Meteorol\u00f3gico Nacional y Contingencias Clim\u00e1ticas para las \u00faltimas horas del s\u00e1bado y primeras horas del domingo que indicaron fuertes tormentas para la regi\u00f3n.<\/p>\n<p>De acuerdo al informe meteorol\u00f3gico la formaci\u00f3n de tormentas en la precordillera comenz\u00f3 al mediod\u00eda, entre las 15h y 18h ese sistema se aproxim\u00f3 al llano sur de la provincia y hacia la noche nuestra zona albergar\u00eda la llegada de la lluvias aisladas cerca de las 21h.<\/p>\n<p>Al ser informados de este pron\u00f3stico, los feriantes que ten\u00edan sus puestos en el lugar no quisieron retirarse ya que indicaron que tratar\u00edan de vender la mercader\u00eda que compraron y que la \u00fanica posibilidad de que ellos se retiren, es que la organizaci\u00f3n les devuelva el dinero que pagaron por las ubicaciones.<\/p>\n<p>Frente a esta situaci\u00f3n desde la entidad confirmaron: \u00ab<em><strong>Debido a inclemencias clim\u00e1ticas que se presentaran esta tarde y esta noche en la zona, el Festival Nacional de la Ciruela se posterga hasta nuevo aviso.<\/strong> <strong>La semana pr\u00f3xima se comunicar\u00e1 la fecha de re programaci\u00f3n<\/strong><\/em><strong>\u00ab<\/strong>.<\/p>\n<p>Para la noche de este s\u00e1bado del artistario estaba conformado por Grupo Herencia, Concurso Revelaci\u00f3n, Lucero del Alba, Suruba, Los de la Merced, Rifa del Festival y La Monumental. El domingo se iba la Gran Jineteada Internacional a partir de las 17 hs.<\/p>\n<div id=\"attachment_65028\" style=\"width: 689px\" class=\"wp-caption aligncenter\"><img loading=\"lazy\" decoding=\"async\" aria-describedby=\"caption-attachment-65028\" class=\" wp-image-65028\" src=\"http:\/\/vinasfm.com\/noticias\/wp-content\/uploads\/2020\/02\/85179659_481568842536522_6647779354598178816_n-300x261.jpg\" alt=\"\" width=\"689\" height=\"599\" srcset=\"https:\/\/vinasfm.com\/noticias\/wp-content\/uploads\/2020\/02\/85179659_481568842536522_6647779354598178816_n-300x261.jpg 300w, https:\/\/vinasfm.com\/noticias\/wp-content\/uploads\/2020\/02\/85179659_481568842536522_6647779354598178816_n-768x667.jpg 768w, https:\/\/vinasfm.com\/noticias\/wp-content\/uploads\/2020\/02\/85179659_481568842536522_6647779354598178816_n.jpg 900w\" sizes=\"auto, (max-width: 689px) 100vw, 689px\" \/><p id=\"caption-attachment-65028\" class=\"wp-caption-text\">N\u00facleo con abundantes lluvias, vientos fuertes y granizo grande con direcci\u00f3n hacia la zona de Carmensa, ubicada sobre Ruta 190.<\/p><\/div>\n<h5><em>F.B.<\/em><\/h5>\n","protected":false},"excerpt":{"rendered":"<p>Luego de una primera noche de espect\u00e1culos inolvidables que reuni\u00f3 a artistas de alto nivel local, provincial y nacional donde se &#8230;<\/p>\n","protected":false},"author":8,"featured_media":65021,"comment_status":"open","ping_status":"open","sticky":false,"template":"","format":"standard","meta":{"footnotes":""},"categories":[5,58],"tags":[],"class_list":["post-65020","post","type-post","status-publish","format-standard","has-post-thumbnail","hentry","category-actualidad","category-fiesta-nacional-de-la-ciruela"],"_links":{"self":[{"href":"https:\/\/vinasfm.com\/noticias\/wp-json\/wp\/v2\/posts\/65020","targetHints":{"allow":["GET"]}}],"collection":[{"href":"https:\/\/vinasfm.com\/noticias\/wp-json\/wp\/v2\/posts"}],"about":[{"href":"https:\/\/vinasfm.com\/noticias\/wp-json\/wp\/v2\/types\/post"}],"author":[{"embeddable":true,"href":"https:\/\/vinasfm.com\/noticias\/wp-json\/wp\/v2\/users\/8"}],"replies":[{"embeddable":true,"href":"https:\/\/vinasfm.com\/noticias\/wp-json\/wp\/v2\/comments?post=65020"}],"version-history":[{"count":1,"href":"https:\/\/vinasfm.com\/noticias\/wp-json\/wp\/v2\/posts\/65020\/revisions"}],"predecessor-version":[{"id":65029,"href":"https:\/\/vinasfm.com\/noticias\/wp-json\/wp\/v2\/posts\/65020\/revisions\/65029"}],"wp:featuredmedia":[{"embeddable":true,"href":"https:\/\/vinasfm.com\/noticias\/wp-json\/wp\/v2\/media\/65021"}],"wp:attachment":[{"href":"https:\/\/vinasfm.com\/noticias\/wp-json\/wp\/v2\/media?parent=65020"}],"wp:term":[{"taxonomy":"category","embeddable":true,"href":"https:\/\/vinasfm.com\/noticias\/wp-json\/wp\/v2\/categories?post=65020"},{"taxonomy":"post_tag","embeddable":true,"href":"https:\/\/vinasfm.com\/noticias\/wp-json\/wp\/v2\/tags?post=65020"}],"curies":[{"name":"wp","href":"https:\/\/api.w.org\/{rel}","templated":true}]}}