{"id":65009,"date":"2020-02-08T10:26:26","date_gmt":"2020-02-08T13:26:26","guid":{"rendered":"http:\/\/vinasfm.com\/noticias\/?p=65009"},"modified":"2020-02-10T08:35:30","modified_gmt":"2020-02-10T11:35:30","slug":"abel-pintos-brillo-en-el-festival-de-la-ciruela","status":"publish","type":"post","link":"https:\/\/vinasfm.com\/noticias\/abel-pintos-brillo-en-el-festival-de-la-ciruela\/","title":{"rendered":"ABEL PINTOS BRILL\u00d3 EN EL FESTIVAL DE LA CIRUELA"},"content":{"rendered":"<h4><strong>La primera noche de shows del Festival Nacional de la Ciruela fue un gran \u00e9xito, que cont\u00f3 con la presencia de miles personas que se hicieron presentes en el gran predio. Abel Pintos brind\u00f3 un show inolvidable tras la coronaci\u00f3n de Aneley Morales como Reina Nacional de la Ciruela<\/strong><\/h4>\n<p><a href=\"http:\/\/vinasfm.com\/noticias\/wp-content\/uploads\/2020\/02\/PUBLICO-FIESTA-CIRUELA.jpg\"><img loading=\"lazy\" decoding=\"async\" class=\"wp-image-65013 aligncenter\" src=\"http:\/\/vinasfm.com\/noticias\/wp-content\/uploads\/2020\/02\/PUBLICO-FIESTA-CIRUELA-300x200.jpg\" alt=\"\" width=\"631\" height=\"420\" srcset=\"https:\/\/vinasfm.com\/noticias\/wp-content\/uploads\/2020\/02\/PUBLICO-FIESTA-CIRUELA-300x200.jpg 300w, https:\/\/vinasfm.com\/noticias\/wp-content\/uploads\/2020\/02\/PUBLICO-FIESTA-CIRUELA-768x512.jpg 768w, https:\/\/vinasfm.com\/noticias\/wp-content\/uploads\/2020\/02\/PUBLICO-FIESTA-CIRUELA.jpg 960w\" sizes=\"auto, (max-width: 631px) 100vw, 631px\" \/><\/a><\/p>\n<p>En Bowen el Festival Nacional de la Ciruela ya se disfruta a pleno, este viernes miles de personas coparon el predio que se encuentra en la Avenida Sarmiento para disfrutar de la primera jornada de espect\u00e1culos. Desde muy temprano la gente comenz\u00f3 a llegar al lugar para ocupar los sitios m\u00e1s cercanos al escenario, adem\u00e1s durante la tarde pudieron disfrutar de los artesanos, comidas y mates. A pesar de la copiosa lluvia que se cerni\u00f3 sobre la regi\u00f3n, ninguno quiso dejar su asiento con tal de no perderse el espect\u00e1culo de Abel Pintos.<\/p>\n<p><a href=\"http:\/\/vinasfm.com\/noticias\/wp-content\/uploads\/2020\/02\/abel-pintos-...jpg\"><img loading=\"lazy\" decoding=\"async\" class=\"wp-image-65011 aligncenter\" src=\"http:\/\/vinasfm.com\/noticias\/wp-content\/uploads\/2020\/02\/abel-pintos-..-300x200.jpg\" alt=\"\" width=\"649\" height=\"432\" srcset=\"https:\/\/vinasfm.com\/noticias\/wp-content\/uploads\/2020\/02\/abel-pintos-..-300x200.jpg 300w, https:\/\/vinasfm.com\/noticias\/wp-content\/uploads\/2020\/02\/abel-pintos-..-768x512.jpg 768w, https:\/\/vinasfm.com\/noticias\/wp-content\/uploads\/2020\/02\/abel-pintos-...jpg 960w\" sizes=\"auto, (max-width: 649px) 100vw, 649px\" \/><\/a><\/p>\n<p>El intendente Walther Marcolini se hizo presente en esta gran noche de viernes, el Jefe Comunal puso en valor a esta gran fiesta como \u00edcono cultural del departamento, adem\u00e1s de exaltar a la ciruela, un producto propio de nuestra tierra, y las tareas que se est\u00e1n realizando por el sector agr\u00edcola: \u201cVenimos de a\u00f1os dif\u00edciles para la producci\u00f3n primaria y las econom\u00edas regionales. Las heladas provocaron da\u00f1os del 100% en algunas zonas lo que hizo que el precio se tonifique. Nosotros nuevamente pusimos a disposici\u00f3n los fideicomisos a tasas de inter\u00e9s subsidiado del Fondo de la\u00a0 Transformaci\u00f3n y el Crecimiento y como garant\u00eda los fondos de coparticipaci\u00f3n municipal para cosecha, acarreo y secado\u201d manifest\u00f3 el intendente.<\/p>\n<p>Otro punto al que hizo referencia fue la conformaci\u00f3n del Consejo Agr\u00edcola Departamental, donde se trabajar\u00e1, entre otras cosas, en la reactivaci\u00f3n de pozos de riego. Asimismo el intendente hizo hincapi\u00e9 en la posibilidad de que nuestro departamento cuente con festivales de estas caracter\u00edsticas: \u201cOjal\u00e1 se pueda mantener con este formato, con una entrada gratuita y la participaci\u00f3n de entidades intermedias, todo eso marca un diferencial que tiene el Festival\u201d.<\/p>\n<p>El delegado distrital Hern\u00e1n Climent expres\u00f3: \u201cEs muy lindo ver el distrito lleno de gente, con mucha gente que est\u00e1 en el distrito acampando y comprando nuestros productos, eso nos pone muy contentos, sobre todo contando con todo el apoyo del gobierno provincial y departamental\u201d dijo.<\/p>\n<p>Sobre el escenario desfilaron grandes artistas como Corazones Cuyanos, Los Chamas, Viento Pampa, Mi Otro Yo, Pe\u00f1eros, Waqay y Los Chimenos como previa a lo que fue la Coronaci\u00f3n de Aneley Morales, de 21 a\u00f1os que estudia Gesti\u00f3n de Empresas, como Reina Nacional de la Ciruela, la joven se mostr\u00f3 muy emocionada: \u201cEstoy muy vinculada a la ciruela ya que mis abuelos son agricultores, mis padres son agricultores y conozco de esas tareas\u201d expres\u00f3.<\/p>\n<p><a href=\"http:\/\/vinasfm.com\/noticias\/wp-content\/uploads\/2020\/02\/REINA-CIRUELA-ANELEY-MORALES.jpg\"><img loading=\"lazy\" decoding=\"async\" class=\"wp-image-65012 aligncenter\" src=\"http:\/\/vinasfm.com\/noticias\/wp-content\/uploads\/2020\/02\/REINA-CIRUELA-ANELEY-MORALES-300x169.jpg\" alt=\"\" width=\"580\" height=\"326\" srcset=\"https:\/\/vinasfm.com\/noticias\/wp-content\/uploads\/2020\/02\/REINA-CIRUELA-ANELEY-MORALES-300x169.jpg 300w, https:\/\/vinasfm.com\/noticias\/wp-content\/uploads\/2020\/02\/REINA-CIRUELA-ANELEY-MORALES-768x432.jpg 768w, https:\/\/vinasfm.com\/noticias\/wp-content\/uploads\/2020\/02\/REINA-CIRUELA-ANELEY-MORALES-750x420.jpg 750w, https:\/\/vinasfm.com\/noticias\/wp-content\/uploads\/2020\/02\/REINA-CIRUELA-ANELEY-MORALES.jpg 960w\" sizes=\"auto, (max-width: 580px) 100vw, 580px\" \/><\/a><\/p>\n<p>Jaime S\u00e1nchez, de la comisi\u00f3n organizadora, se mostr\u00f3 muy feliz por el comienzo de este festival, \u201cTodav\u00eda no sabemos cu\u00e1nta gente vino pero el predio se ve muy lleno. Estamos muy agradecidos con la gente de Abel Pintos que se puso a disposici\u00f3n del Festival\u201d manifest\u00f3. El Festival naci\u00f3 mediante las ganas de un grupo de amigos que propusieron realizar una pe\u00f1a para ayudar a distintas instituciones, con el tiempo el Festival Nacional de la Ciruela creci\u00f3 hasta ser lo que es hoy, uno de los festivales m\u00e1s importantes del Pa\u00eds.<\/p>\n<p>Sin dudas la frutilla del postre, y el espect\u00e1culo m\u00e1s esperado por todos, fue la presencia de Abel Pintos en el Festival, cabe destacar que para su presentaci\u00f3n se dispusieron mil quinientas entradas numeradas, las \u00fanicas que ten\u00edan costo y que se agotaron r\u00e1pidamente. Abel Pintos brind\u00f3 un show que quedar\u00e1 grabado en la retina de las miles de personas que, pese a la lluvia, se quedaron a disfrutar de este espect\u00e1culo, el m\u00fasico demostr\u00f3 por qu\u00e9 es uno de los artistas m\u00e1s destacados de la actualidad, haciendo un recorrido por todo su repertorio.<\/p>\n<p>El Festival Nacional de la Ciruela contin\u00faa durante la jornada de hoy de la siguiente manera: Grupo Herencia, Concurso Revelaci\u00f3n, Lucero del Alba, Suruba,Los de la Merced, Rifa del Festival y La Monumental. El domingo se realizar\u00e1 la Gran Jineteada Internacional a partir de las 17 hs.<\/p>\n<h5><em><strong>A.C.<\/strong><\/em><\/h5>\n","protected":false},"excerpt":{"rendered":"<p>La primera noche de shows del Festival Nacional de la Ciruela fue un gran \u00e9xito, que cont\u00f3 con la presencia de &#8230;<\/p>\n","protected":false},"author":7,"featured_media":65010,"comment_status":"open","ping_status":"open","sticky":false,"template":"","format":"standard","meta":{"footnotes":""},"categories":[5,58],"tags":[],"class_list":["post-65009","post","type-post","status-publish","format-standard","has-post-thumbnail","hentry","category-actualidad","category-fiesta-nacional-de-la-ciruela"],"_links":{"self":[{"href":"https:\/\/vinasfm.com\/noticias\/wp-json\/wp\/v2\/posts\/65009","targetHints":{"allow":["GET"]}}],"collection":[{"href":"https:\/\/vinasfm.com\/noticias\/wp-json\/wp\/v2\/posts"}],"about":[{"href":"https:\/\/vinasfm.com\/noticias\/wp-json\/wp\/v2\/types\/post"}],"author":[{"embeddable":true,"href":"https:\/\/vinasfm.com\/noticias\/wp-json\/wp\/v2\/users\/7"}],"replies":[{"embeddable":true,"href":"https:\/\/vinasfm.com\/noticias\/wp-json\/wp\/v2\/comments?post=65009"}],"version-history":[{"count":1,"href":"https:\/\/vinasfm.com\/noticias\/wp-json\/wp\/v2\/posts\/65009\/revisions"}],"predecessor-version":[{"id":65016,"href":"https:\/\/vinasfm.com\/noticias\/wp-json\/wp\/v2\/posts\/65009\/revisions\/65016"}],"wp:featuredmedia":[{"embeddable":true,"href":"https:\/\/vinasfm.com\/noticias\/wp-json\/wp\/v2\/media\/65010"}],"wp:attachment":[{"href":"https:\/\/vinasfm.com\/noticias\/wp-json\/wp\/v2\/media?parent=65009"}],"wp:term":[{"taxonomy":"category","embeddable":true,"href":"https:\/\/vinasfm.com\/noticias\/wp-json\/wp\/v2\/categories?post=65009"},{"taxonomy":"post_tag","embeddable":true,"href":"https:\/\/vinasfm.com\/noticias\/wp-json\/wp\/v2\/tags?post=65009"}],"curies":[{"name":"wp","href":"https:\/\/api.w.org\/{rel}","templated":true}]}}