{"id":64971,"date":"2020-02-07T08:52:07","date_gmt":"2020-02-07T11:52:07","guid":{"rendered":"http:\/\/vinasfm.com\/noticias\/?p=64971"},"modified":"2020-02-07T09:07:08","modified_gmt":"2020-02-07T12:07:08","slug":"monte-coman-un-camion-con-semirremolque-despisto-y-volco-en-ruta-153","status":"publish","type":"post","link":"https:\/\/vinasfm.com\/noticias\/monte-coman-un-camion-con-semirremolque-despisto-y-volco-en-ruta-153\/","title":{"rendered":"MONTE COM\u00c1N: UN CAMI\u00d3N CON SEMIRREMOLQUE DESPIST\u00d3 Y VOLC\u00d3 EN RUTA 153"},"content":{"rendered":"<h4><strong>En la ma\u00f1ana de este jueves, un camionero termin\u00f3 con varios golpes luego de volcar el cami\u00f3n en el que se conduc\u00eda con destino a Buenos Aires. Ocurri\u00f3 en la intersecci\u00f3n de rutas 153 y 146.<\/strong><\/h4>\n<p>Se trata de un cami\u00f3n Scania con semi remolque en el que se dirig\u00eda <em><strong>Oscar Mema<\/strong> <\/em>(40) por <strong>Ruta 153<\/strong> con direcci\u00f3n al sur y al llegar a la curva que conecta con <strong>Ruta 146<\/strong>, al norte del puesto de Gendarmer\u00eda, por razones que se tratan de establecer <strong>perdi\u00f3 el dominio del rodado y volc\u00f3 al costado de la carpeta asf\u00e1ltica<\/strong>.<\/p>\n<p>Producto del siniestro, el conductor qued\u00f3 atrapado, consciente, \u00a0en el interior de la cabina con la pierna izquierda atrapada por lo que debi\u00f3 actuar personal de Bomberos de Monte Com\u00e1n y de San Rafael y se solicit\u00f3 la gr\u00faa de la compa\u00f1\u00eda el\u00e9ctrica de Monte Coman. Tras varios minutos logr\u00f3 ser rescatado y trasladado en ambulancia del SEC al hospital \u201cSchestakow\u201d donde le diagnosticaron <strong><em>traumatismos en miembro inferior izquierdo y escoriaciones m\u00faltiples<\/em><\/strong>.<\/p>\n<p>A ra\u00edz de este hecho, en Comisar\u00eda 64\u00aa, se labraron actuaciones en \u201c<strong>Averiguaci\u00f3n lesiones en accidente<\/strong>\u201d bajo instrucci\u00f3n de la Unidad Fiscal de Monte Com\u00e1n.<\/p>\n<h5><em>F.B.<\/em><\/h5>\n","protected":false},"excerpt":{"rendered":"<p>En la ma\u00f1ana de este jueves, un camionero termin\u00f3 con varios golpes luego de volcar el cami\u00f3n en el que se &#8230;<\/p>\n","protected":false},"author":8,"featured_media":64972,"comment_status":"open","ping_status":"open","sticky":false,"template":"","format":"standard","meta":{"footnotes":""},"categories":[1],"tags":[],"class_list":["post-64971","post","type-post","status-publish","format-standard","has-post-thumbnail","hentry","category-fmvinas"],"_links":{"self":[{"href":"https:\/\/vinasfm.com\/noticias\/wp-json\/wp\/v2\/posts\/64971","targetHints":{"allow":["GET"]}}],"collection":[{"href":"https:\/\/vinasfm.com\/noticias\/wp-json\/wp\/v2\/posts"}],"about":[{"href":"https:\/\/vinasfm.com\/noticias\/wp-json\/wp\/v2\/types\/post"}],"author":[{"embeddable":true,"href":"https:\/\/vinasfm.com\/noticias\/wp-json\/wp\/v2\/users\/8"}],"replies":[{"embeddable":true,"href":"https:\/\/vinasfm.com\/noticias\/wp-json\/wp\/v2\/comments?post=64971"}],"version-history":[{"count":2,"href":"https:\/\/vinasfm.com\/noticias\/wp-json\/wp\/v2\/posts\/64971\/revisions"}],"predecessor-version":[{"id":64977,"href":"https:\/\/vinasfm.com\/noticias\/wp-json\/wp\/v2\/posts\/64971\/revisions\/64977"}],"wp:featuredmedia":[{"embeddable":true,"href":"https:\/\/vinasfm.com\/noticias\/wp-json\/wp\/v2\/media\/64972"}],"wp:attachment":[{"href":"https:\/\/vinasfm.com\/noticias\/wp-json\/wp\/v2\/media?parent=64971"}],"wp:term":[{"taxonomy":"category","embeddable":true,"href":"https:\/\/vinasfm.com\/noticias\/wp-json\/wp\/v2\/categories?post=64971"},{"taxonomy":"post_tag","embeddable":true,"href":"https:\/\/vinasfm.com\/noticias\/wp-json\/wp\/v2\/tags?post=64971"}],"curies":[{"name":"wp","href":"https:\/\/api.w.org\/{rel}","templated":true}]}}