{"id":64967,"date":"2020-02-07T07:52:17","date_gmt":"2020-02-07T10:52:17","guid":{"rendered":"http:\/\/vinasfm.com\/noticias\/?p=64967"},"modified":"2020-02-07T07:55:28","modified_gmt":"2020-02-07T10:55:28","slug":"este-viernes-7-de-febrero-estara-depositado-el-pago-de-las-becas-estimulo-para-docentes-que-realizaron-el-reclamo","status":"publish","type":"post","link":"https:\/\/vinasfm.com\/noticias\/este-viernes-7-de-febrero-estara-depositado-el-pago-de-las-becas-estimulo-para-docentes-que-realizaron-el-reclamo\/","title":{"rendered":"ESTE VIERNES 7 DE FEBRERO ESTAR\u00c1 DEPOSITADO EL PAGO DE LAS BECAS EST\u00cdMULO PARA DOCENTES QUE REALIZARON EL RECLAMO"},"content":{"rendered":"<h4>En esta ocasi\u00f3n se cancelan los pagos de las cuotas 1 o 2 correspondientes al reclamo que hayan hecho.<\/h4>\n<p>La Direcci\u00f3n General de Escuelas inform\u00f3 que este viernes 7 de febrero estar\u00e1 depositado el dinero de las becas reclamadas correspondientes a la cuota 1 o 2 de los docentes que tramitaron el reclamo y que fueron validados hasta el mes de diciembre.<\/p>\n<p>Cada docente que realiz\u00f3 el reclamo podr\u00e1 corroborar en sus cuentas y verificar el pago. En caso de que quede alg\u00fan reclamo pendiente, el mismo ser\u00e1 tramitado en un nuevo expediente de pago.<\/p>\n<p>Recordemos que el Plan Provincial de Est\u00edmulo Docente se viene ejecutando con el fin de profundizar la pol\u00edtica de formaci\u00f3n continua para docentes en ejercicio activo que se encuentren frente a estudiantes y desempe\u00f1en sus cargos u horas c\u00e1tedra en escuelas de nivel Inicial, Primario, Secundario y Orientado, y de las modalidades de Educaci\u00f3n T\u00e9cnico Profesional en las \u00e1reas de lengua, matem\u00e1tica e ingl\u00e9s.<\/p>\n<p>Cabe destacar que las capacitaciones se desarrollan en cada departamento para llegar a todos los docentes de la provincia y, de este modo, \u00a0generar mejores condiciones educativas y fortalecer la calidad educativa.<\/p>\n<h5><strong><em>A.C.<\/em><\/strong><\/h5>\n","protected":false},"excerpt":{"rendered":"<p>En esta ocasi\u00f3n se cancelan los pagos de las cuotas 1 o 2 correspondientes al reclamo que hayan hecho. La Direcci\u00f3n &#8230;<\/p>\n","protected":false},"author":7,"featured_media":14670,"comment_status":"open","ping_status":"open","sticky":false,"template":"","format":"standard","meta":{"footnotes":""},"categories":[5,18],"tags":[],"class_list":["post-64967","post","type-post","status-publish","format-standard","has-post-thumbnail","hentry","category-actualidad","category-educacion"],"_links":{"self":[{"href":"https:\/\/vinasfm.com\/noticias\/wp-json\/wp\/v2\/posts\/64967","targetHints":{"allow":["GET"]}}],"collection":[{"href":"https:\/\/vinasfm.com\/noticias\/wp-json\/wp\/v2\/posts"}],"about":[{"href":"https:\/\/vinasfm.com\/noticias\/wp-json\/wp\/v2\/types\/post"}],"author":[{"embeddable":true,"href":"https:\/\/vinasfm.com\/noticias\/wp-json\/wp\/v2\/users\/7"}],"replies":[{"embeddable":true,"href":"https:\/\/vinasfm.com\/noticias\/wp-json\/wp\/v2\/comments?post=64967"}],"version-history":[{"count":1,"href":"https:\/\/vinasfm.com\/noticias\/wp-json\/wp\/v2\/posts\/64967\/revisions"}],"predecessor-version":[{"id":64968,"href":"https:\/\/vinasfm.com\/noticias\/wp-json\/wp\/v2\/posts\/64967\/revisions\/64968"}],"wp:featuredmedia":[{"embeddable":true,"href":"https:\/\/vinasfm.com\/noticias\/wp-json\/wp\/v2\/media\/14670"}],"wp:attachment":[{"href":"https:\/\/vinasfm.com\/noticias\/wp-json\/wp\/v2\/media?parent=64967"}],"wp:term":[{"taxonomy":"category","embeddable":true,"href":"https:\/\/vinasfm.com\/noticias\/wp-json\/wp\/v2\/categories?post=64967"},{"taxonomy":"post_tag","embeddable":true,"href":"https:\/\/vinasfm.com\/noticias\/wp-json\/wp\/v2\/tags?post=64967"}],"curies":[{"name":"wp","href":"https:\/\/api.w.org\/{rel}","templated":true}]}}