{"id":64914,"date":"2020-02-05T08:38:00","date_gmt":"2020-02-05T11:38:00","guid":{"rendered":"http:\/\/vinasfm.com\/noticias\/?p=64914"},"modified":"2020-02-05T08:38:00","modified_gmt":"2020-02-05T11:38:00","slug":"que-opciones-tiene-mendoza-para-reclamar-por-las-regalias-mal-pagadas-a-la-pampa","status":"publish","type":"post","link":"https:\/\/vinasfm.com\/noticias\/que-opciones-tiene-mendoza-para-reclamar-por-las-regalias-mal-pagadas-a-la-pampa\/","title":{"rendered":"\u00bfQU\u00c9 OPCIONES TIENE MENDOZA PARA RECLAMAR POR LAS REGAL\u00cdAS MAL PAGADAS A LA PAMPA?"},"content":{"rendered":"<p><strong>Un antiguo conflicto entre Mendoza y La Pampa por regal\u00edas repartidas incorrectamente entre ambas provincias provenientes de la generaci\u00f3n del complejo hidroel\u00e9ctrico Nihuiles (centrales I, II y III) podr\u00eda intensificarse en breve. El Gobierno tiene dos alternativas para avanzar con el reclamo: esperar la resoluci\u00f3n del Poder Ejecutivo o, ya agotada esa instancia, acudir directamente a la Corte Suprema de la Naci\u00f3n.<\/strong><\/p>\n<p>Como fue explicado previamente, solo en el caso Mendoza-La Pampa ocurre que el 5% de las regal\u00edas provenientes de la generaci\u00f3n de energ\u00eda es repartida en partes iguales, por un decreto que data de la presidencia de facto de Agust\u00edn Lanusse en 1973. As\u00ed, para los Nihuiles no se considera el criterio de la \u00abfuente\u00bb, sino el de \u00abr\u00edo\u00bb, por lo que\u00a0los montos son distribuidos entre las dos juridicciones por donde pasa el Atuel.<\/p>\n<p>El \u00faltimo paso administrativo fue dado en octubre de 2019, cuando Fiscal\u00eda de Estado y Asesor\u00eda de Gobierno pidieron un\u00a0<strong>\u00abpronto despacho\u00bb<\/strong>\u00a0al Poder Ejecutivo Nacional para liquidar la diferencia adeudada a Mendoza desde 1973, m\u00e1s los perjuicios que tuvo la provincia por no recibir ese dinero en todo ese tiempo.<\/p>\n<p>En esa ocasi\u00f3n, se solicit\u00f3 que, tras el dictamen de la Procuraci\u00f3n del Tesoro de 2016 que reconoc\u00eda la posici\u00f3n de Mendoza, se revocara el decreto de Lanusse. El plazo de respuesta ya se venci\u00f3, por lo que el siguiente movimiento quedar\u00eda en manos del gobernador Rodolfo Suarez.<\/p>\n<p><strong>\u00abAl no haber respuesta, tenemos la facultad legal de interpretarlo como una denegatoria t\u00e1cita. En ese caso, queda cerrada la instancia administrativa y podemos ir directamente a la v\u00eda judicial. El Gobernador tiene la potestad de decidir si va inmediatamente a la Justicia o si insiste o espera un poco m\u00e1s al Ejecutivo\u00bb<\/strong>, explicaron desde Fiscal\u00eda de Estado.<\/p>\n<p>Como la Corte solo reconoce como representante de Mendoza al jefe del Estado, \u00fanicamente Suarez puede avanzar ante el m\u00e1ximo tribunal para buscar el resarcimiento por las regal\u00edas mal repartidas. En todos los casos similares del pa\u00eds, la CSJ se resolvi\u00f3 a favor del \u00abcriterio de fuente\u00bb, de manera tal que las posibilidades de una sentencia \u00abpro-Mendoza\u00bb son altas.<\/p>\n<p>El jueves pr\u00f3ximo se realizar\u00e1 una nueva reuni\u00f3n del Comit\u00e9 Interjurisdiccional del R\u00edo Colorado (COIRCO). Si bien este conflicto no es un tema de decisi\u00f3n del organismo y formalmente la Provincia no tendr\u00eda que pasar el reclamo por este espacio, no se descarta que haya planteos al respecto luego de que La Pampa ampliara su denuncia por la construcci\u00f3n de Portezuelo del Viento.<\/p>\n<h5><em><strong>Fuente: Sitio Andino \/ A.C.<\/strong><\/em><\/h5>\n","protected":false},"excerpt":{"rendered":"<p>Un antiguo conflicto entre Mendoza y La Pampa por regal\u00edas repartidas incorrectamente entre ambas provincias provenientes de la generaci\u00f3n del complejo &#8230;<\/p>\n","protected":false},"author":7,"featured_media":9226,"comment_status":"open","ping_status":"open","sticky":false,"template":"","format":"standard","meta":{"footnotes":""},"categories":[5,54],"tags":[],"class_list":["post-64914","post","type-post","status-publish","format-standard","has-post-thumbnail","hentry","category-actualidad","category-conflicto-con-la-pampa"],"_links":{"self":[{"href":"https:\/\/vinasfm.com\/noticias\/wp-json\/wp\/v2\/posts\/64914","targetHints":{"allow":["GET"]}}],"collection":[{"href":"https:\/\/vinasfm.com\/noticias\/wp-json\/wp\/v2\/posts"}],"about":[{"href":"https:\/\/vinasfm.com\/noticias\/wp-json\/wp\/v2\/types\/post"}],"author":[{"embeddable":true,"href":"https:\/\/vinasfm.com\/noticias\/wp-json\/wp\/v2\/users\/7"}],"replies":[{"embeddable":true,"href":"https:\/\/vinasfm.com\/noticias\/wp-json\/wp\/v2\/comments?post=64914"}],"version-history":[{"count":1,"href":"https:\/\/vinasfm.com\/noticias\/wp-json\/wp\/v2\/posts\/64914\/revisions"}],"predecessor-version":[{"id":64915,"href":"https:\/\/vinasfm.com\/noticias\/wp-json\/wp\/v2\/posts\/64914\/revisions\/64915"}],"wp:featuredmedia":[{"embeddable":true,"href":"https:\/\/vinasfm.com\/noticias\/wp-json\/wp\/v2\/media\/9226"}],"wp:attachment":[{"href":"https:\/\/vinasfm.com\/noticias\/wp-json\/wp\/v2\/media?parent=64914"}],"wp:term":[{"taxonomy":"category","embeddable":true,"href":"https:\/\/vinasfm.com\/noticias\/wp-json\/wp\/v2\/categories?post=64914"},{"taxonomy":"post_tag","embeddable":true,"href":"https:\/\/vinasfm.com\/noticias\/wp-json\/wp\/v2\/tags?post=64914"}],"curies":[{"name":"wp","href":"https:\/\/api.w.org\/{rel}","templated":true}]}}