{"id":64909,"date":"2020-02-05T08:31:23","date_gmt":"2020-02-05T11:31:23","guid":{"rendered":"http:\/\/vinasfm.com\/noticias\/?p=64909"},"modified":"2020-02-06T10:28:21","modified_gmt":"2020-02-06T13:28:21","slug":"colisiono-contra-un-movil-policial-y-quedo-detenido","status":"publish","type":"post","link":"https:\/\/vinasfm.com\/noticias\/colisiono-contra-un-movil-policial-y-quedo-detenido\/","title":{"rendered":"COLISION\u00d3 CONTRA UN M\u00d3VIL POLICIAL Y QUED\u00d3 DETENIDO"},"content":{"rendered":"<h4><strong>El accidente vial ocurri\u00f3 pasado el mediod\u00eda de este lunes en ruta 143, en la curva del dique Rinc\u00f3n del Indio.<\/strong><\/h4>\n<p>Un m\u00f3vil policial circulaba por la ruta con sentido de Oeste a Este y al llegar a la curva mencionada se encontr\u00f3 con un autom\u00f3vil Chevrolet Cruze gris, que circulaba en sentido contrario, por razones que se investigan, el veh\u00edculo al mando de un masculino se cruz\u00f3 de carril lo que provoc\u00f3 da\u00f1os en los espejos retrovisores de ambos veh\u00edculos.<\/p>\n<p>Tras el roce, el veh\u00edculo particular contin\u00fao la marcha por lo que los efectivos policiales dieron aviso de lo ocurrido por la frecuencia y personal de Comisar\u00eda 42\u00ba logr\u00f3 la aprehensi\u00f3n del sujeto, quien es oriundo de Buenos Aires.<\/p>\n<p>Tras ser consultado por los da\u00f1os en el espejo de su veh\u00edculo no pudo precisar c\u00f3mo se hab\u00edan producido por lo que fue detenido.<\/p>\n<p>Se realizaron actuaciones en averiguaci\u00f3n \u201cinfracci\u00f3n a la Ley 9024\u201d e instruye Comisar\u00eda 26\u00ba.<\/p>\n<h5><em>F.B.<\/em><\/h5>\n","protected":false},"excerpt":{"rendered":"<p>El accidente vial ocurri\u00f3 pasado el mediod\u00eda de este lunes en ruta 143, en la curva del dique Rinc\u00f3n del Indio. &#8230;<\/p>\n","protected":false},"author":8,"featured_media":41731,"comment_status":"open","ping_status":"open","sticky":false,"template":"","format":"standard","meta":{"footnotes":""},"categories":[5,4],"tags":[],"class_list":["post-64909","post","type-post","status-publish","format-standard","has-post-thumbnail","hentry","category-actualidad","category-policiales"],"_links":{"self":[{"href":"https:\/\/vinasfm.com\/noticias\/wp-json\/wp\/v2\/posts\/64909","targetHints":{"allow":["GET"]}}],"collection":[{"href":"https:\/\/vinasfm.com\/noticias\/wp-json\/wp\/v2\/posts"}],"about":[{"href":"https:\/\/vinasfm.com\/noticias\/wp-json\/wp\/v2\/types\/post"}],"author":[{"embeddable":true,"href":"https:\/\/vinasfm.com\/noticias\/wp-json\/wp\/v2\/users\/8"}],"replies":[{"embeddable":true,"href":"https:\/\/vinasfm.com\/noticias\/wp-json\/wp\/v2\/comments?post=64909"}],"version-history":[{"count":1,"href":"https:\/\/vinasfm.com\/noticias\/wp-json\/wp\/v2\/posts\/64909\/revisions"}],"predecessor-version":[{"id":64910,"href":"https:\/\/vinasfm.com\/noticias\/wp-json\/wp\/v2\/posts\/64909\/revisions\/64910"}],"wp:featuredmedia":[{"embeddable":true,"href":"https:\/\/vinasfm.com\/noticias\/wp-json\/wp\/v2\/media\/41731"}],"wp:attachment":[{"href":"https:\/\/vinasfm.com\/noticias\/wp-json\/wp\/v2\/media?parent=64909"}],"wp:term":[{"taxonomy":"category","embeddable":true,"href":"https:\/\/vinasfm.com\/noticias\/wp-json\/wp\/v2\/categories?post=64909"},{"taxonomy":"post_tag","embeddable":true,"href":"https:\/\/vinasfm.com\/noticias\/wp-json\/wp\/v2\/tags?post=64909"}],"curies":[{"name":"wp","href":"https:\/\/api.w.org\/{rel}","templated":true}]}}