{"id":64897,"date":"2020-02-04T10:16:01","date_gmt":"2020-02-04T13:16:01","guid":{"rendered":"http:\/\/vinasfm.com\/noticias\/?p=64897"},"modified":"2020-02-05T10:33:16","modified_gmt":"2020-02-05T13:33:16","slug":"lo-que-el-agua-viento-y-granizo-dejo","status":"publish","type":"post","link":"https:\/\/vinasfm.com\/noticias\/lo-que-el-agua-viento-y-granizo-dejo\/","title":{"rendered":"LO QUE EL AGUA, VIENTO Y GRANIZO DEJ\u00d3"},"content":{"rendered":"<h4><strong>Desde la tarde de ayer hasta la madrugada de hoy, fuertes tormentas con lluvias, r\u00e1fagas de viento y celdas de granizo, afectaron parajes y distritos alvearenses. Previamente Defensa Civil y el Servicio Meteorol\u00f3gico Nacional hab\u00edan emitido un alerta. La lluvia precipitada rond\u00f3 entre los 35 mm a 50mm. dependiendo la zona.<\/strong><\/h4>\n<p>Alrededor de las 19:30 horas comenz\u00f3 a precipitar sobre distintos sectores de Ciudad con par\u00e1metros de abundante lluvia y granizo peque\u00f1o en sectores y de peque\u00f1o a mediano en algunas zonas cultivadas de Alvear Oeste y Bowen.\u00a0 El fen\u00f3meno fue acompa\u00f1ado de fuertes r\u00e1fagas de viento que provoc\u00f3 la voladura de techos en viviendas, ca\u00eddas de forestales, de l\u00edneas el\u00e9ctricas y afectaciones de varias estructuras.<\/p>\n<p>En total se recibieron doce reclamos en la base de Defensa Civil. Por estos momentos se siguen atendiendo reclamos, la mayor parte por ca\u00edda de ramas o forestales en riesgo de ca\u00edda.<\/p>\n<p>El Hospital Enfermeros Argentinos registr\u00f3 tres ingresos de accidentados sin gravedad durante la tormenta.<\/p>\n<p>En Carmensa hubo cinco techos afectados totalmente y algunos otros pedidos de asistencia por parte de los vecinos. En Ciudad hubo una familia evacuada que fue trasladada hasta el Polideportivo Deportistas Alvearenses. En Alvear Oeste, se asisti\u00f3 a una familia que vio da\u00f1ado el techo de su vivienda.<\/p>\n<p>Cecsagal solucion\u00f3 esta ma\u00f1ana dos sem\u00e1foros que hab\u00edan quedado en intermitencia, el de la intersecci\u00f3n de calle Ingeniero Lange y Uspallata al igual que el de Diagonal Carlos Pellegrini y Granaderos. Est\u00e1 reparando la l\u00ednea de media tensi\u00f3n cortada en Ruta 143 al Sur del Aer\u00f3dromo; al igual que en calle 3, al Este de Ruta 143, la l\u00ednea media tensi\u00f3n qued\u00f3 en el piso por \u00e1lamos ca\u00eddos. Asimismo, hay presencia de varios cables de baja tensi\u00f3n cortados\u00a0 en Carmensa.<\/p>\n<p>En Alvear Oeste el servicio el\u00e9ctrico est\u00e1 funcionando normalmente, hubo mucha precipitaci\u00f3n de agua, intenso granizo hac\u00eda el Sur, el Este, Noreste y en la zona urbana del Distrito, provocando ca\u00edda de hojas y ramas, voladura de un techo, muchas filtraciones en hogares, por lo que personal de la Delegaci\u00f3n distrital asisti\u00f3 con nylon, tambi\u00e9n estuvieron limpiando desagotes pluviales para que el agua fluya r\u00e1pidamente.<\/p>\n<p>En el centro de Bowen precipit\u00f3 abundante agua, en La Escandinava hubo presencia de granizo peque\u00f1o a grande, con ca\u00eddas de \u00e1rboles en calles 19 y C, 22 y C. En esta \u00faltima intersecci\u00f3n hubo un transformador ca\u00eddo. Algunas familias fueron asistidas con cortes de nylon.<\/p>\n<p>Algunos productores manifestaron da\u00f1os en La Marzolina, La Escandinava y algunos otros sectores. Desde temprano personal de la Direcci\u00f3n de Agricultura, Ganader\u00eda y Faena se encuentra relevando todas las zonas irrigadas que han sido perjudicadas por granizo. Hasta el momento observan p\u00e9rdidas de hasta un 35% en las zonas m\u00e1s afectadas, comprendidas por La Marzolina, La Escandinava y Km 884.<\/p>\n<div style=\"width: 640px;\" class=\"wp-video\"><video class=\"wp-video-shortcode\" id=\"video-64897-1\" width=\"640\" height=\"352\" preload=\"metadata\" controls=\"controls\"><source type=\"video\/mp4\" src=\"http:\/\/vinasfm.com\/noticias\/wp-content\/uploads\/2020\/02\/GRANIZO.mp4?_=1\" \/><a href=\"http:\/\/vinasfm.com\/noticias\/wp-content\/uploads\/2020\/02\/GRANIZO.mp4\">http:\/\/vinasfm.com\/noticias\/wp-content\/uploads\/2020\/02\/GRANIZO.mp4<\/a><\/video><\/div>\n<h5><em>A.C.<\/em><\/h5>\n","protected":false},"excerpt":{"rendered":"<p>Desde la tarde de ayer hasta la madrugada de hoy, fuertes tormentas con lluvias, r\u00e1fagas de viento y celdas de granizo, &#8230;<\/p>\n","protected":false},"author":7,"featured_media":64705,"comment_status":"open","ping_status":"open","sticky":false,"template":"","format":"standard","meta":{"footnotes":""},"categories":[5],"tags":[],"class_list":["post-64897","post","type-post","status-publish","format-standard","has-post-thumbnail","hentry","category-actualidad"],"_links":{"self":[{"href":"https:\/\/vinasfm.com\/noticias\/wp-json\/wp\/v2\/posts\/64897","targetHints":{"allow":["GET"]}}],"collection":[{"href":"https:\/\/vinasfm.com\/noticias\/wp-json\/wp\/v2\/posts"}],"about":[{"href":"https:\/\/vinasfm.com\/noticias\/wp-json\/wp\/v2\/types\/post"}],"author":[{"embeddable":true,"href":"https:\/\/vinasfm.com\/noticias\/wp-json\/wp\/v2\/users\/7"}],"replies":[{"embeddable":true,"href":"https:\/\/vinasfm.com\/noticias\/wp-json\/wp\/v2\/comments?post=64897"}],"version-history":[{"count":1,"href":"https:\/\/vinasfm.com\/noticias\/wp-json\/wp\/v2\/posts\/64897\/revisions"}],"predecessor-version":[{"id":64899,"href":"https:\/\/vinasfm.com\/noticias\/wp-json\/wp\/v2\/posts\/64897\/revisions\/64899"}],"wp:featuredmedia":[{"embeddable":true,"href":"https:\/\/vinasfm.com\/noticias\/wp-json\/wp\/v2\/media\/64705"}],"wp:attachment":[{"href":"https:\/\/vinasfm.com\/noticias\/wp-json\/wp\/v2\/media?parent=64897"}],"wp:term":[{"taxonomy":"category","embeddable":true,"href":"https:\/\/vinasfm.com\/noticias\/wp-json\/wp\/v2\/categories?post=64897"},{"taxonomy":"post_tag","embeddable":true,"href":"https:\/\/vinasfm.com\/noticias\/wp-json\/wp\/v2\/tags?post=64897"}],"curies":[{"name":"wp","href":"https:\/\/api.w.org\/{rel}","templated":true}]}}