{"id":64648,"date":"2020-01-28T09:27:14","date_gmt":"2020-01-28T12:27:14","guid":{"rendered":"http:\/\/vinasfm.com\/noticias\/?p=64648"},"modified":"2020-01-29T08:58:41","modified_gmt":"2020-01-29T11:58:41","slug":"avanza-el-convenio-firmado-con-la-comuna-ecuatoriana-de-riobamba-sobre-cooperacion-de-mercociudades","status":"publish","type":"post","link":"https:\/\/vinasfm.com\/noticias\/avanza-el-convenio-firmado-con-la-comuna-ecuatoriana-de-riobamba-sobre-cooperacion-de-mercociudades\/","title":{"rendered":"AVANZA EL CONVENIO FIRMADO CON LA COMUNA ECUATORIANA DE RIOBAMBA SOBRE COOPERACI\u00d3N DE MERCOCIUDADES"},"content":{"rendered":"<h4><strong><span style=\"font-family: Tahoma;\">Alumnos de la carrera de Biotecnolog\u00eda de nuestro departamento se preparan para participar del intercambio educativo que se realizar\u00e1 con la Universidad del Chimborazo, de Riobamba Ecuador. El convenio se hab\u00eda firmado en el marco de la XXIV Cumbre de Mercociudades.<\/span><\/strong><\/h4>\n<p>Los alumnos de Idesa Ugacoop q<span class=\"text_exposed_show\">ue por m\u00e9rito acad\u00e9mico viajar\u00e1n son:<br \/>\nLuc\u00eda Abdo, Mayra Dada, Juliana Santamarina, Paola Puebla Julieta Krivozea. Y ser\u00e1n acompa\u00f1adas por la Doctora en Biotecnolog\u00eda y docente, Gisela Castro.<\/span><\/p>\n<div><span style=\"font-family: Tahoma;\">General Alvear firm\u00f3 un convenio con el Municipio de Riobamba(Ecuador) en el marco de la XXIV Cumbre de Mercociudades, que se llev\u00f3 a cabo del 27 al 29 de noviembre en la ciudad de Asunci\u00f3n, Paraguay. All\u00ed nuestro departamento firm\u00f3 el convenio Sur-Sur con la alcald\u00eda ecuatoriana de Riobamba que beneficia a alumnos de la Tecnicatura Superior de Biotecnolog\u00eda de Idesa Ugacoop. <\/span><\/div>\n<div><\/div>\n<div><span style=\"font-family: Tahoma;\">El intendente Walther Marcolini hizo hincapi\u00e9 en la posibilidad que tiene nuestro departamento de participar en una agenda global como as\u00ed tambi\u00e9n la fuerte apuesta de esta gesti\u00f3n en cuanto a educaci\u00f3n: \u201c<em>Pudimos crear una Universidad que no reproduzca las carreras tradicionales de nuestra Provincia, sino que tenga una fuerte apuesta a las econom\u00edas de desarrollo e innovaci\u00f3n con la tecnolog\u00eda como fuerte componente de ese desarrollo\u201d<\/em>.<\/span><\/div>\n<div><span style=\"font-family: Tahoma;\">\u00a0<\/span><\/div>\n<div><span style=\"font-family: Tahoma;\">En cuanto a este intercambio, el Jefe Comunal destac\u00f3 que: \u201c<em>Esto nos permite acceder a fuentes de conocimiento y desarrollo que de otra manera no tendr\u00edamos oportunidad, es una gran experiencia para los alumnos pero tambi\u00e9n para Ugacoop. Donde vamos a encontrar experiencias nuevas de gente que desarrolla la Biotecnolog\u00eda desde hace tiempo pero donde tambi\u00e9n llevamos nuestros avances<\/em>\u201d dijo.<\/span><\/div>\n<div><span style=\"font-family: Tahoma;\">\u00a0<\/span><\/div>\n<div><span style=\"font-family: Tahoma;\">La Directora de Cooperaci\u00f3n Internacional Carina Lucero brind\u00f3 m\u00e1s detalles acerca de este acuerdo: \u201c<em>Este intercambio no solo tiene un foco cient\u00edfico, sino tambi\u00e9n cultural, lo que supone una agenda de workshop y cient\u00edfica, pero tambi\u00e9n de conocer la ciudad y su gente\u201d.<\/em><\/span><\/div>\n<div><span style=\"font-family: Tahoma;\">\u00a0<\/span><\/div>\n<div><span style=\"font-family: Tahoma;\">La delegaci\u00f3n alvearense compuesta por cinco estudiantes y un profesor a cargo ser\u00e1 la primera en viajar, lo har\u00e1 durante la segunda semana de abril para iniciar su agenda, en tanto que los estudiantes ecuatorianos llegar\u00e1n durante la Fiesta Nacional de la Ganader\u00eda. Cabe destacar que Mercociudades valor\u00f3 que dos ciudades tuvieran dos cuestiones como focos de inter\u00e9s, el desarrollo en Biotecnolog\u00eda y desarrollar oportunidades para los j\u00f3venes de sus respectivos territorios.<\/span><\/div>\n<div><span style=\"font-family: Tahoma;\">\u00a0<\/span><\/div>\n<div><span style=\"font-family: Tahoma;\">La profesora que acompa\u00f1ar\u00e1 a los alumnos en esta experiencia es Gisela Castro quien explic\u00f3 c\u00f3mo fue el proceso de selecci\u00f3n: \u201cS<em>e realiz\u00f3 por m\u00e9rito acad\u00e9mico, se seleccionaron los cinco primeros promedios que cursan el tercer a\u00f1o de la Tecnicatura Superior en Biotecnolog\u00eda, por lo que fue dif\u00edcil pero deb\u00edamos darle un premio a las chicas que ven\u00edan con mejor promedio<\/em>\u201d. <\/span><\/div>\n<div><\/div>\n<div><span style=\"font-family: Tahoma;\">La docente asegur\u00f3 que esta experiencia es muy valiosa, tanto para los alumnos como para Ugacoop, adem\u00e1s al ser un intercambio educativo y cultural la agenda ser\u00e1 muy apretada: \u201c<em>Tendremos workshop con diferentes tem\u00e1ticas, ellos tienen una tecnicatura en Biotecnolog\u00eda Ambiental, que tiene que ver con la ciencia verde del cuidado del ambiente, y nosotros tenemos un perfil similar\u201d.<\/em><\/span><\/div>\n<div><span style=\"font-family: Tahoma;\">\u00a0<\/span><\/div>\n<div><span style=\"font-family: Tahoma;\">Los alumnas seleccionadas para viajar no dudaron en manifestar su alegr\u00eda por esta nueva experiencia que se abre en base a la oportunidad que brinda la Ugacoop: \u201c<em>Hay muchas expectativas porque vamos a poder conocer mucho de c\u00f3mo trabajan. Ellos tienen un perfil hacia la Biotecnolog\u00eda Ambiental y nosotros apuntamos a la Biotecnolog\u00eda Agroindustrial por lo que habr\u00e1 mucho para aprender y esperamos ser buenos embajadores<\/em>\u201d coment\u00f3 Juliana Santamarina, una de las alumnas que viajar\u00e1 el 12 de abril a Ecuador.<\/span><\/div>\n<div><span style=\"font-family: Tahoma;\">\u00a0<\/span><\/div>\n<div><span style=\"font-family: Tahoma;\">El coordinador de la carrera de Biotecnolog\u00eda Ezequiel Lentz, se refiri\u00f3 a esta gran posibilidad para Ugacoop: \u201c<em>Estamos felices con este gran logro del grupo de la Municipalidad y Cooperaci\u00f3n Internacional porque nos abre las puertas a una nueva etapa. Es un punto muy interesante que podamos colaborar con ellos porque apuntamos a esto, a la sustentabilidad, a la econom\u00eda circular y que todos los descartes de la agroindustria puedan reutilizarse, disminuir el impacto ambiental haciendo las industrias m\u00e1s sustentables y ellos tienen mucha experiencia en eso<\/em>\u201d manifest\u00f3.<\/span><\/div>\n<div><span style=\"font-family: Tahoma;\">\u00a0<\/span><\/div>\n<div><span style=\"font-family: Tahoma;\">Desde Ecuador tambi\u00e9n celebraron el avance de este acuerdo, as\u00ed lo expres\u00f3 Javier Sotomayor, Director de Gesti\u00f3n de Planificaci\u00f3n y Proyectos de la Universidad del Chimborazo, asegur\u00f3 que se inici\u00f3 el proceso de selecci\u00f3n: \u00ab<em>Hubo un filtro que la escuela Superior Polit\u00e9cnica del Chimborazo realiz\u00f3 a los postulantes en el tema de Biotecnolog\u00eda para convocar a profesionales, y\u00a0 a estudiantes que puedan participar de este proceso a la vez que sean embajadores de de nuestra ciudad\u00bb<\/em>\u00a0explic\u00f3. Asimismo los alumnos seleccionados tambi\u00e9n mostraron su emoci\u00f3n: \u201c<em>Como riobambe\u00f1a me siento muy motivada y sobre todo con muchas ganas de compartir mi cultura y mis conocimientos<\/em>\u201d dijo.<\/span><\/div>\n<h5><em>F.B.<\/em><\/h5>\n","protected":false},"excerpt":{"rendered":"<p>Alumnos de la carrera de Biotecnolog\u00eda de nuestro departamento se preparan para participar del intercambio educativo que se realizar\u00e1 con la &#8230;<\/p>\n","protected":false},"author":8,"featured_media":64649,"comment_status":"open","ping_status":"open","sticky":false,"template":"","format":"standard","meta":{"footnotes":""},"categories":[5,18],"tags":[],"class_list":["post-64648","post","type-post","status-publish","format-standard","has-post-thumbnail","hentry","category-actualidad","category-educacion"],"_links":{"self":[{"href":"https:\/\/vinasfm.com\/noticias\/wp-json\/wp\/v2\/posts\/64648","targetHints":{"allow":["GET"]}}],"collection":[{"href":"https:\/\/vinasfm.com\/noticias\/wp-json\/wp\/v2\/posts"}],"about":[{"href":"https:\/\/vinasfm.com\/noticias\/wp-json\/wp\/v2\/types\/post"}],"author":[{"embeddable":true,"href":"https:\/\/vinasfm.com\/noticias\/wp-json\/wp\/v2\/users\/8"}],"replies":[{"embeddable":true,"href":"https:\/\/vinasfm.com\/noticias\/wp-json\/wp\/v2\/comments?post=64648"}],"version-history":[{"count":2,"href":"https:\/\/vinasfm.com\/noticias\/wp-json\/wp\/v2\/posts\/64648\/revisions"}],"predecessor-version":[{"id":64686,"href":"https:\/\/vinasfm.com\/noticias\/wp-json\/wp\/v2\/posts\/64648\/revisions\/64686"}],"wp:featuredmedia":[{"embeddable":true,"href":"https:\/\/vinasfm.com\/noticias\/wp-json\/wp\/v2\/media\/64649"}],"wp:attachment":[{"href":"https:\/\/vinasfm.com\/noticias\/wp-json\/wp\/v2\/media?parent=64648"}],"wp:term":[{"taxonomy":"category","embeddable":true,"href":"https:\/\/vinasfm.com\/noticias\/wp-json\/wp\/v2\/categories?post=64648"},{"taxonomy":"post_tag","embeddable":true,"href":"https:\/\/vinasfm.com\/noticias\/wp-json\/wp\/v2\/tags?post=64648"}],"curies":[{"name":"wp","href":"https:\/\/api.w.org\/{rel}","templated":true}]}}