{"id":64593,"date":"2020-01-24T09:15:06","date_gmt":"2020-01-24T12:15:06","guid":{"rendered":"http:\/\/vinasfm.com\/noticias\/?p=64593"},"modified":"2020-01-27T10:22:47","modified_gmt":"2020-01-27T13:22:47","slug":"fatal-accidente-entre-dos-camiones-en-ruta-171-termino-con-la-vida-de-dos-personas-2","status":"publish","type":"post","link":"https:\/\/vinasfm.com\/noticias\/fatal-accidente-entre-dos-camiones-en-ruta-171-termino-con-la-vida-de-dos-personas-2\/","title":{"rendered":"FATAL ACCIDENTE ENTRE DOS CAMIONES EN RUTA 171 TERMIN\u00d3 CON LA VIDA DE DOS PERSONAS"},"content":{"rendered":"<h4><strong>Un fatal accidente de frente protagonizado por dos camiones termin\u00f3 con la vida de los dos conductores intervinientes en la curva El Puma en Ruta 171.<\/strong><\/h4>\n<p>Todo sucedi\u00f3 cerca de las <strong>22:55h de este jueves<\/strong> cuando un cami\u00f3n Volvo con semi, al mando de <strong>Omar Peletay<\/strong> (49), impact\u00f3 de frente en la mencionada curva contra otro rodado de similares dimensiones marca Volkswagen con semi cargado con verduras, conducido por <strong>Ra\u00fal Ninaja<\/strong> (32).<\/p>\n<p>Una de las hip\u00f3tesis es que el mal tiempo reinante en ese momento, con lluvias intensas, puede haber sido el desencadenante para esta fatalidad.<\/p>\n<p>A ra\u00edz del brutal siniestro, <strong>ambos conductores perdieron la vida en el lugar<\/strong> quedando el primero tendido sobre la carpeta asf\u00e1ltica mientras que Ninaja qued\u00f3 atrapado en el cami\u00f3n que termin\u00f3 sobre la banquina mientras que el acompa\u00f1ante (25) debi\u00f3 ser trasladado en ambulancia al hospital \u00abEnfermeros Argentinos\u00bb donde le diagnosticaron politraumatismo de cr\u00e1neo leve.<\/p>\n<p>En el escenario del luctuoso hecho trabaj\u00f3 personal de Comisar\u00eda 26\u00aa, Policia Vial y dependencias de la Departamental General Alvear.<\/p>\n<p>En la seccional villatuelina se abri\u00f3 una causa caratulada como \u00abaveriguaci\u00f3n doble homicidio culposo\u00bb bajo instrucci\u00f3n de la Unidad Fiscal de Villa Atuel.<\/p>\n<p>Actualmente Ruta 171 entre Real del Padre y Monte Coman est\u00e1\u00a0CORTADA hasta nuevo aviso.<\/p>\n<h5><em>F.B.<\/em><\/h5>\n","protected":false},"excerpt":{"rendered":"<p>Un fatal accidente de frente protagonizado por dos camiones termin\u00f3 con la vida de los dos conductores intervinientes en la curva &#8230;<\/p>\n","protected":false},"author":8,"featured_media":64611,"comment_status":"open","ping_status":"open","sticky":false,"template":"","format":"standard","meta":{"footnotes":""},"categories":[5,4],"tags":[],"class_list":["post-64593","post","type-post","status-publish","format-standard","has-post-thumbnail","hentry","category-actualidad","category-policiales"],"_links":{"self":[{"href":"https:\/\/vinasfm.com\/noticias\/wp-json\/wp\/v2\/posts\/64593","targetHints":{"allow":["GET"]}}],"collection":[{"href":"https:\/\/vinasfm.com\/noticias\/wp-json\/wp\/v2\/posts"}],"about":[{"href":"https:\/\/vinasfm.com\/noticias\/wp-json\/wp\/v2\/types\/post"}],"author":[{"embeddable":true,"href":"https:\/\/vinasfm.com\/noticias\/wp-json\/wp\/v2\/users\/8"}],"replies":[{"embeddable":true,"href":"https:\/\/vinasfm.com\/noticias\/wp-json\/wp\/v2\/comments?post=64593"}],"version-history":[{"count":1,"href":"https:\/\/vinasfm.com\/noticias\/wp-json\/wp\/v2\/posts\/64593\/revisions"}],"predecessor-version":[{"id":64601,"href":"https:\/\/vinasfm.com\/noticias\/wp-json\/wp\/v2\/posts\/64593\/revisions\/64601"}],"wp:featuredmedia":[{"embeddable":true,"href":"https:\/\/vinasfm.com\/noticias\/wp-json\/wp\/v2\/media\/64611"}],"wp:attachment":[{"href":"https:\/\/vinasfm.com\/noticias\/wp-json\/wp\/v2\/media?parent=64593"}],"wp:term":[{"taxonomy":"category","embeddable":true,"href":"https:\/\/vinasfm.com\/noticias\/wp-json\/wp\/v2\/categories?post=64593"},{"taxonomy":"post_tag","embeddable":true,"href":"https:\/\/vinasfm.com\/noticias\/wp-json\/wp\/v2\/tags?post=64593"}],"curies":[{"name":"wp","href":"https:\/\/api.w.org\/{rel}","templated":true}]}}