{"id":64525,"date":"2020-01-21T17:46:00","date_gmt":"2020-01-21T20:46:00","guid":{"rendered":"http:\/\/vinasfm.com\/noticias\/?p=64525"},"modified":"2020-01-21T17:46:00","modified_gmt":"2020-01-21T20:46:00","slug":"la-comuna-y-empresas-electricas-solucionaron-los-danos-causados-por-la-tormenta","status":"publish","type":"post","link":"https:\/\/vinasfm.com\/noticias\/la-comuna-y-empresas-electricas-solucionaron-los-danos-causados-por-la-tormenta\/","title":{"rendered":"LA COMUNA Y EMPRESAS EL\u00c9CTRICAS SOLUCIONARON LOS DA\u00d1OS CAUSADOS POR LA TORMENTA"},"content":{"rendered":"<h4 style=\"font-weight: 400;\"><strong>En la ma\u00f1ana, el Director de Defensa Civil Adolfo Balverde, en conferencia de prensa brind\u00f3 detalles acerca del r\u00e1pido accionar de diferentes dependencias municipales y empresas el\u00e9ctricas luego de los da\u00f1os que provoc\u00f3 el fuerte viento de ayer por la tarde.<\/strong><\/h4>\n<p style=\"font-weight: 400;\">\u201c<em>Las celdas que se aproximaron desde el Oeste, cuando se acercaron al Departamento incrementaron su actividad cerca de las 17:00h, con r\u00e1fagas de 70 y 90km por hora que dejaron inconvenientes en Ciudad y Distritos<\/em>\u201d, explic\u00f3 Balverde.<\/p>\n<p style=\"font-weight: 400;\">Hubo m\u00e1s de 40 reclamos en Ciudad, v\u00eda telef\u00f3nica por ciudadanos y del CEO de la Polic\u00eda, que fueron r\u00e1pidamente solucionados por personal de la Direcci\u00f3n de Obras P\u00fablicas, de la Direcci\u00f3n de Defensa Civil, de la Secretar\u00eda de Desarrollo Humano, quienes pudieron culminar cerca de las 23h con los reclamos m\u00e1s importantes. Hoy se resolvieron problemas menores.<\/p>\n<p style=\"font-weight: 400;\">El tendido el\u00e9ctrico de Ruta 188 que abastece a la zona de secano: Ovejer\u00eda, Corral de Lorca, La Mora y Canalejas sufri\u00f3 da\u00f1o en m\u00e1s de cincuenta postes, por lo que se encuentra la gente de Edeste all\u00ed. En Bowen, est\u00e1 solucionando Cospac los reclamos, en Real del Padre y Ciudad est\u00e1 trabajando personal de Cecsagal.<\/p>\n<p style=\"font-weight: 400;\">\u201c<em>Tenemos un grupo de trabajo importante, todos los organismos que trabajamos en emergencia estamos todos comunicados al instante, para que sea coordinado el accionar, para terminar r\u00e1pidamente todos los trabajos cumpliendo con las demandas sociales. Adem\u00e1s, desde Defensa Civil estamos en contacto permanente con la prensa, que son quienes informan a la comunidad al instante para prevenir accidentes<\/em>\u201d, culmin\u00f3 Adolfo Balverde.<\/p>\n<h5><em>F.B.<\/em><\/h5>\n","protected":false},"excerpt":{"rendered":"<p>En la ma\u00f1ana, el Director de Defensa Civil Adolfo Balverde, en conferencia de prensa brind\u00f3 detalles acerca del r\u00e1pido accionar de &#8230;<\/p>\n","protected":false},"author":8,"featured_media":64527,"comment_status":"open","ping_status":"open","sticky":false,"template":"","format":"standard","meta":{"footnotes":""},"categories":[5,51],"tags":[],"class_list":["post-64525","post","type-post","status-publish","format-standard","has-post-thumbnail","hentry","category-actualidad","category-defensa-civil"],"_links":{"self":[{"href":"https:\/\/vinasfm.com\/noticias\/wp-json\/wp\/v2\/posts\/64525","targetHints":{"allow":["GET"]}}],"collection":[{"href":"https:\/\/vinasfm.com\/noticias\/wp-json\/wp\/v2\/posts"}],"about":[{"href":"https:\/\/vinasfm.com\/noticias\/wp-json\/wp\/v2\/types\/post"}],"author":[{"embeddable":true,"href":"https:\/\/vinasfm.com\/noticias\/wp-json\/wp\/v2\/users\/8"}],"replies":[{"embeddable":true,"href":"https:\/\/vinasfm.com\/noticias\/wp-json\/wp\/v2\/comments?post=64525"}],"version-history":[{"count":1,"href":"https:\/\/vinasfm.com\/noticias\/wp-json\/wp\/v2\/posts\/64525\/revisions"}],"predecessor-version":[{"id":64528,"href":"https:\/\/vinasfm.com\/noticias\/wp-json\/wp\/v2\/posts\/64525\/revisions\/64528"}],"wp:featuredmedia":[{"embeddable":true,"href":"https:\/\/vinasfm.com\/noticias\/wp-json\/wp\/v2\/media\/64527"}],"wp:attachment":[{"href":"https:\/\/vinasfm.com\/noticias\/wp-json\/wp\/v2\/media?parent=64525"}],"wp:term":[{"taxonomy":"category","embeddable":true,"href":"https:\/\/vinasfm.com\/noticias\/wp-json\/wp\/v2\/categories?post=64525"},{"taxonomy":"post_tag","embeddable":true,"href":"https:\/\/vinasfm.com\/noticias\/wp-json\/wp\/v2\/tags?post=64525"}],"curies":[{"name":"wp","href":"https:\/\/api.w.org\/{rel}","templated":true}]}}