{"id":64522,"date":"2020-01-22T08:00:30","date_gmt":"2020-01-22T11:00:30","guid":{"rendered":"http:\/\/vinasfm.com\/noticias\/?p=64522"},"modified":"2020-01-23T09:22:30","modified_gmt":"2020-01-23T12:22:30","slug":"el-director-general-de-escuelas-visito-nuestro-departamento","status":"publish","type":"post","link":"https:\/\/vinasfm.com\/noticias\/el-director-general-de-escuelas-visito-nuestro-departamento\/","title":{"rendered":"EL DIRECTOR GENERAL DE ESCUELAS VISIT\u00d3 NUESTRO DEPARTAMENTO"},"content":{"rendered":"<h4 style=\"font-weight: 400;\"><strong>A las 8:30h el Intendente Walther Marcolini recibi\u00f3 al Director General de Escuelas Jos\u00e9 Thomas en el palacio municipal.<\/strong><\/h4>\n<p style=\"font-weight: 400;\">Junto al funcionario provincial ven\u00eda Ezequiel S\u00e1nchez a cargo de la Jefatura de Gabinete, Secretar\u00eda Privada; a Patricia Cabral Jefatura de Gabinete, Infraestructura; a Gustavo Capone Jefatura de Gabinete, Coordinador de Delegaciones Regionales, quienes mantuvieron reuni\u00f3n en intendencia con la Delegada de la DGE Magali Oneschuk, la Directora de Educaci\u00f3n Norma Ruiz y el Concejal Jos\u00e9 Mor\u00e1n.<\/p>\n<p style=\"font-weight: 400;\">Se trat\u00f3 de una reuni\u00f3n de trabajo, en la cual desde la DGE brindaron informaci\u00f3n de c\u00f3mo se encuentra la situaci\u00f3n pedag\u00f3gica actual del Departamento. \u201c<em>El nivel primario nos deja contentos al saber que General Alvear est\u00e1 entre los primeros de la Provincia en Lengua y Matem\u00e1tica, por lo que agradecemos el esfuerzo de los docentes y los felicitamos<\/em>\u201d, subray\u00f3 Marcolini.<\/p>\n<p style=\"font-weight: 400;\">El Municipio trabaja con la DGE en socialmente porque necesita que los chicos est\u00e9n en la escuela, que baje el nivel de repitencia y que se incremente la cantidad de chicos que egresan de nivel secundario, exclam\u00f3 el Intendente.<\/p>\n<p style=\"font-weight: 400;\">Por su parte el Lic. Jos\u00e9 Thomas manifest\u00f3 que objetivo de la DGE es acompa\u00f1ar a cada Intendente, brindarle informaci\u00f3n para que reconozca y pueda ver c\u00f3mo est\u00e1 el sistema educativo en su municipio, para trabajar en conjunto: \u201c<em>El sistema educativo mendocino es provincial, sin embargo hemos notado que tiene relaci\u00f3n con c\u00f3mo se trabaja en el municipio\u201d.<\/em><\/p>\n<p style=\"font-weight: 400;\">En la reuni\u00f3n se trataron diferentes temas, en principio acerca de los CEOS que trabajan con ni\u00f1os desde 0 a 3 a\u00f1os. \u201c<em>Son momentos fundamentalmente pedag\u00f3gicos, sobre todo en los sectores m\u00e1s vulnerables, por lo que hemos pensado llevar adelante pol\u00edticas en conjunto con el municipio<\/em>\u201d.<\/p>\n<p style=\"font-weight: 400;\">En primaria, General Alvear tiene resultados destacados a nivel provincial, igualmente siempre hay para trabajar. Adem\u00e1s, se trat\u00f3 nivel secundario, donde \u00a0hay problemas por deficiencia del sistema, y superior con proyectos del municipio para acompa\u00f1arlo desde la DGE.<\/p>\n<p style=\"font-weight: 400;\">\u201c<em>Vamos a apuntar a disminuir la deserci\u00f3n educativa, con el fin de invertir la brecha socioeducativa que la sociedad tiene, profundizando en la alfabetizaci\u00f3n temprana, reconociendo la importancia del trabajo docente, al cual vamos a acompa\u00f1ar con capacitaci\u00f3n. Un eje fundamental es evaluar trimestralmente para obtener informaci\u00f3n y as\u00ed aplicar los recursos con los que se cuente. Igualmente, contamos con el Coordinador de Delegaciones Regionales Gustavo Capone, as\u00ed vamos a estar muy cerca del territorio. Por ello, hemos iniciado el recorrido por los departamentos m\u00e1s alejados porque la educaci\u00f3n ocurre en el territorio y queremos estar presentes para acompa\u00f1arlos<\/em>\u201d, concluy\u00f3 el Director de la DGE.<\/p>\n<h5><em>F.B.<\/em><\/h5>\n","protected":false},"excerpt":{"rendered":"<p>A las 8:30h el Intendente Walther Marcolini recibi\u00f3 al Director General de Escuelas Jos\u00e9 Thomas en el palacio municipal. Junto al &#8230;<\/p>\n","protected":false},"author":8,"featured_media":64523,"comment_status":"open","ping_status":"open","sticky":false,"template":"","format":"standard","meta":{"footnotes":""},"categories":[5,18],"tags":[],"class_list":["post-64522","post","type-post","status-publish","format-standard","has-post-thumbnail","hentry","category-actualidad","category-educacion"],"_links":{"self":[{"href":"https:\/\/vinasfm.com\/noticias\/wp-json\/wp\/v2\/posts\/64522","targetHints":{"allow":["GET"]}}],"collection":[{"href":"https:\/\/vinasfm.com\/noticias\/wp-json\/wp\/v2\/posts"}],"about":[{"href":"https:\/\/vinasfm.com\/noticias\/wp-json\/wp\/v2\/types\/post"}],"author":[{"embeddable":true,"href":"https:\/\/vinasfm.com\/noticias\/wp-json\/wp\/v2\/users\/8"}],"replies":[{"embeddable":true,"href":"https:\/\/vinasfm.com\/noticias\/wp-json\/wp\/v2\/comments?post=64522"}],"version-history":[{"count":1,"href":"https:\/\/vinasfm.com\/noticias\/wp-json\/wp\/v2\/posts\/64522\/revisions"}],"predecessor-version":[{"id":64524,"href":"https:\/\/vinasfm.com\/noticias\/wp-json\/wp\/v2\/posts\/64522\/revisions\/64524"}],"wp:featuredmedia":[{"embeddable":true,"href":"https:\/\/vinasfm.com\/noticias\/wp-json\/wp\/v2\/media\/64523"}],"wp:attachment":[{"href":"https:\/\/vinasfm.com\/noticias\/wp-json\/wp\/v2\/media?parent=64522"}],"wp:term":[{"taxonomy":"category","embeddable":true,"href":"https:\/\/vinasfm.com\/noticias\/wp-json\/wp\/v2\/categories?post=64522"},{"taxonomy":"post_tag","embeddable":true,"href":"https:\/\/vinasfm.com\/noticias\/wp-json\/wp\/v2\/tags?post=64522"}],"curies":[{"name":"wp","href":"https:\/\/api.w.org\/{rel}","templated":true}]}}