{"id":64519,"date":"2020-01-22T07:31:44","date_gmt":"2020-01-22T10:31:44","guid":{"rendered":"http:\/\/vinasfm.com\/noticias\/?p=64519"},"modified":"2020-01-23T07:58:39","modified_gmt":"2020-01-23T10:58:39","slug":"se-lanza-la-feria-de-productores-de-alvear-oeste","status":"publish","type":"post","link":"https:\/\/vinasfm.com\/noticias\/se-lanza-la-feria-de-productores-de-alvear-oeste\/","title":{"rendered":"SE LANZA LA FERIA DE PRODUCTORES DE ALVEAR OESTE"},"content":{"rendered":"<h4 style=\"font-weight: 400;\"><strong>A partir de ma\u00f1ana mi\u00e9rcoles, de 9:00 a 12:30h, estar\u00e1 abierta la feria de productores y artesanos, va a funcionar en la nueva Delegaci\u00f3n distrital, ubicada en calle Urquiza 170.<\/strong><\/h4>\n<p style=\"font-weight: 400;\">El <strong>Delegado Mariano Varela<\/strong> invit\u00f3 a todos los interesados que deseen participar para ofrecer sus productos, deben inscribirse en la Delegaci\u00f3n o a la Secretar\u00eda de Desarrollo y Promoci\u00f3n, con Valeria Mart\u00ednez, porque ella tiene el circuito de artesanos de todos los eventos del Departamento. Igualmente, invit\u00f3 a los ciudadanos a acercarse para comprar productos locales de calidad.<\/p>\n<p style=\"font-weight: 400;\">\u201c<em>Nos sumamos a las ferias de Ciudad, Bowen y San Pedro del Atuel. El objetivo es que esta feria tenga continuidad, la idea es que los productores y artesanos puedan vender sus productos de forma directa. En la Delegaci\u00f3n vamos a darles la infraestructura para que est\u00e9n c\u00f3modos\u201d, <\/em>manifest\u00f3 Varela<em>.<\/em><\/p>\n<p style=\"font-weight: 400;\">Por el momento han confirmado productores de hortalizas, conservas, manteles, saumerios, artesanos de madera y otros materiales.<\/p>\n<h5><em>F.B.<\/em><\/h5>\n","protected":false},"excerpt":{"rendered":"<p>A partir de ma\u00f1ana mi\u00e9rcoles, de 9:00 a 12:30h, estar\u00e1 abierta la feria de productores y artesanos, va a funcionar en &#8230;<\/p>\n","protected":false},"author":8,"featured_media":64520,"comment_status":"open","ping_status":"open","sticky":false,"template":"","format":"standard","meta":{"footnotes":""},"categories":[1],"tags":[],"class_list":["post-64519","post","type-post","status-publish","format-standard","has-post-thumbnail","hentry","category-fmvinas"],"_links":{"self":[{"href":"https:\/\/vinasfm.com\/noticias\/wp-json\/wp\/v2\/posts\/64519","targetHints":{"allow":["GET"]}}],"collection":[{"href":"https:\/\/vinasfm.com\/noticias\/wp-json\/wp\/v2\/posts"}],"about":[{"href":"https:\/\/vinasfm.com\/noticias\/wp-json\/wp\/v2\/types\/post"}],"author":[{"embeddable":true,"href":"https:\/\/vinasfm.com\/noticias\/wp-json\/wp\/v2\/users\/8"}],"replies":[{"embeddable":true,"href":"https:\/\/vinasfm.com\/noticias\/wp-json\/wp\/v2\/comments?post=64519"}],"version-history":[{"count":1,"href":"https:\/\/vinasfm.com\/noticias\/wp-json\/wp\/v2\/posts\/64519\/revisions"}],"predecessor-version":[{"id":64521,"href":"https:\/\/vinasfm.com\/noticias\/wp-json\/wp\/v2\/posts\/64519\/revisions\/64521"}],"wp:featuredmedia":[{"embeddable":true,"href":"https:\/\/vinasfm.com\/noticias\/wp-json\/wp\/v2\/media\/64520"}],"wp:attachment":[{"href":"https:\/\/vinasfm.com\/noticias\/wp-json\/wp\/v2\/media?parent=64519"}],"wp:term":[{"taxonomy":"category","embeddable":true,"href":"https:\/\/vinasfm.com\/noticias\/wp-json\/wp\/v2\/categories?post=64519"},{"taxonomy":"post_tag","embeddable":true,"href":"https:\/\/vinasfm.com\/noticias\/wp-json\/wp\/v2\/tags?post=64519"}],"curies":[{"name":"wp","href":"https:\/\/api.w.org\/{rel}","templated":true}]}}