{"id":64439,"date":"2020-01-18T10:26:08","date_gmt":"2020-01-18T13:26:08","guid":{"rendered":"http:\/\/vinasfm.com\/noticias\/?p=64439"},"modified":"2020-01-20T10:00:17","modified_gmt":"2020-01-20T13:00:17","slug":"un-motociclista-alcoholizado-fue-embestido-por-un-vehiculo-en-el-ingreso-al-camping-de-rincon-del-indio","status":"publish","type":"post","link":"https:\/\/vinasfm.com\/noticias\/un-motociclista-alcoholizado-fue-embestido-por-un-vehiculo-en-el-ingreso-al-camping-de-rincon-del-indio\/","title":{"rendered":"UN MOTOCICLISTA ALCOHOLIZADO FUE EMBESTIDO POR UN VEH\u00cdCULO EN EL INGRESO AL CAMPING DE RINC\u00d3N DEL INDIO"},"content":{"rendered":"<h4><strong>Un motociclista alcoholizado termin\u00f3 con varios golpes y fractura expuesta luego de ser impactado por un veh\u00edculo frente a la entrada al camping de Rinc\u00f3n del Indio. Ocurri\u00f3 en horas de la madrugada de este s\u00e1bado.<\/strong><\/h4>\n<p>Seg\u00fan el aporte de varios testigos, el accidente se produjo a las <strong>04:20h <\/strong>cuando una moto marca <strong>Zanella 110cc<\/strong>, al mando de un joven identificado como <em>Adrian Balmaceda<\/em> (<em>21)<\/em>, iba saliendo del camping Rinc\u00f3n del Indio y al llegar a <strong>Ruta 143<\/strong> con la intenci\u00f3n de regresar a Real del Padre es <strong>impactado por un veh\u00edculo del que no se conocen datos ya que se dio a la fuga raudamente luego de provocar el accidente<\/strong>.<\/p>\n<p>El conductor del rodado menor fue trasladado en ambulancia al hospital \u201cEnfermeros Argentinos\u201d donde una vez all\u00ed es asistido y se le diagnostic\u00f3 \u00a0<strong><em>politraumatismos y fractura expuesta de mano izquierda.<\/em><\/strong><\/p>\n<p>Desde Polic\u00eda Vial informaron a <em>F.M. Vi\u00f1as<\/em> que Balmaceda <strong>no posee licencia de conducir<\/strong> y luego de realizarle el dosaje de alcohol constataron que <strong>conduc\u00eda bajo efectos del alcohol<\/strong>.<\/p>\n<p>A ra\u00edz de este siniestro, en <strong>Comisar\u00eda 26\u00aa<\/strong>, se labraron actuaciones en \u201c<strong><em>averiguaci\u00f3n lesiones culposas<\/em><\/strong>\u201d bajo instrucci\u00f3n de la Unidad Fiscal de Villa Atuel.<\/p>\n<div style=\"width: 848px;\" class=\"wp-video\"><video class=\"wp-video-shortcode\" id=\"video-64439-1\" width=\"848\" height=\"480\" preload=\"metadata\" controls=\"controls\"><source type=\"video\/mp4\" src=\"http:\/\/vinasfm.com\/noticias\/wp-content\/uploads\/2020\/01\/VID-20200118-WA0016.mp4?_=1\" \/><a href=\"http:\/\/vinasfm.com\/noticias\/wp-content\/uploads\/2020\/01\/VID-20200118-WA0016.mp4\">http:\/\/vinasfm.com\/noticias\/wp-content\/uploads\/2020\/01\/VID-20200118-WA0016.mp4<\/a><\/video><\/div>\n<h5><em>F.B. (F.M. Vi\u00f1as).<\/em><\/h5>\n","protected":false},"excerpt":{"rendered":"<p>Un motociclista alcoholizado termin\u00f3 con varios golpes y fractura expuesta luego de ser impactado por un veh\u00edculo frente a la entrada &#8230;<\/p>\n","protected":false},"author":8,"featured_media":64440,"comment_status":"open","ping_status":"open","sticky":false,"template":"","format":"standard","meta":{"footnotes":""},"categories":[5,4],"tags":[],"class_list":["post-64439","post","type-post","status-publish","format-standard","has-post-thumbnail","hentry","category-actualidad","category-policiales"],"_links":{"self":[{"href":"https:\/\/vinasfm.com\/noticias\/wp-json\/wp\/v2\/posts\/64439","targetHints":{"allow":["GET"]}}],"collection":[{"href":"https:\/\/vinasfm.com\/noticias\/wp-json\/wp\/v2\/posts"}],"about":[{"href":"https:\/\/vinasfm.com\/noticias\/wp-json\/wp\/v2\/types\/post"}],"author":[{"embeddable":true,"href":"https:\/\/vinasfm.com\/noticias\/wp-json\/wp\/v2\/users\/8"}],"replies":[{"embeddable":true,"href":"https:\/\/vinasfm.com\/noticias\/wp-json\/wp\/v2\/comments?post=64439"}],"version-history":[{"count":2,"href":"https:\/\/vinasfm.com\/noticias\/wp-json\/wp\/v2\/posts\/64439\/revisions"}],"predecessor-version":[{"id":64460,"href":"https:\/\/vinasfm.com\/noticias\/wp-json\/wp\/v2\/posts\/64439\/revisions\/64460"}],"wp:featuredmedia":[{"embeddable":true,"href":"https:\/\/vinasfm.com\/noticias\/wp-json\/wp\/v2\/media\/64440"}],"wp:attachment":[{"href":"https:\/\/vinasfm.com\/noticias\/wp-json\/wp\/v2\/media?parent=64439"}],"wp:term":[{"taxonomy":"category","embeddable":true,"href":"https:\/\/vinasfm.com\/noticias\/wp-json\/wp\/v2\/categories?post=64439"},{"taxonomy":"post_tag","embeddable":true,"href":"https:\/\/vinasfm.com\/noticias\/wp-json\/wp\/v2\/tags?post=64439"}],"curies":[{"name":"wp","href":"https:\/\/api.w.org\/{rel}","templated":true}]}}