{"id":64328,"date":"2020-01-15T08:51:57","date_gmt":"2020-01-15T11:51:57","guid":{"rendered":"http:\/\/vinasfm.com\/noticias\/?p=64328"},"modified":"2020-01-15T08:51:57","modified_gmt":"2020-01-15T11:51:57","slug":"malargue-sera-el-primer-departamento-que-no-estara-en-vendimia","status":"publish","type":"post","link":"https:\/\/vinasfm.com\/noticias\/malargue-sera-el-primer-departamento-que-no-estara-en-vendimia\/","title":{"rendered":"MALARG\u00dcE SER\u00c1 EL PRIMER DEPARTAMENTO QUE NO ESTAR\u00c1 EN VENDIMIA"},"content":{"rendered":"<p><strong>La decisi\u00f3n est\u00e1 tomada. Malarg\u00fce no tendr\u00e1 Fiesta de la Vendimia ni ser\u00e1 parte de los actos oficiales de la provincia.<\/strong>\u00a0Lo confirm\u00f3 el intendente Juan Manuel Ojeda luego de que fracasara el llamado a sesiones extraordinarias, cuando los ediles deb\u00edan votar para ratificar o no el decreto municipal.<\/p>\n<p><strong> \u201cAl no ser tratado por el Concejo, el decreto queda en plena vigencia\u201d<\/strong>, dijo Ojeda, afirmando as\u00ed que har\u00e1 uso de sus facultades al frente del Departamento Ejecutivo municipal y, por primera vez, desde su fundaci\u00f3n, Malarg\u00fce no enviar\u00e1 reina ni participar\u00e1 de la Bendici\u00f3n, V\u00eda Blanca, Carrusel y Acto Central.<\/p>\n<p>La intenci\u00f3n del flamante intendente era contar con el respaldo del Concejo Deliberante y sumar as\u00ed el apoyo general de todas las instituciones y entidades empresariales a la propuesta.\u00a0<strong>Sin embargo, la mayor\u00eda de los presidentes de bloque decidieron no convocar a extraordinarias y directamente ni siquiera tratar el decreto.<\/strong><\/p>\n<p>\u201cAyer nos reunimos, como establece el art\u00edculo 13 de nuestro reglamento interno del Honorable Concejo Deliberante,\u00a0<strong>para votar si se consideraba el tratamiento en sesiones extraordinarias del decreto.\u00a0<\/strong><\/p>\n<p>Los concejales del Frente Cambia Mendoza votamos por la afirmativa, mientras que la oposici\u00f3n (Frente Eleg\u00ed y Frente Somos Mendoza) vot\u00f3 en contra.\u00a0<strong>Nuestra idea era poder acompa\u00f1ar la decisi\u00f3n del intendente, pero lamentablemente la voluntad de la mayor\u00eda del HCD fue otra\u201d, cont\u00f3 el concejal radical Mart\u00edn Palma.<\/strong><\/p>\n<p>De todos modos, Ojeda remarc\u00f3 que cuenta con el respaldo de la poblaci\u00f3n y de las principales entidades y C\u00e1maras para llevar a delante esta decisi\u00f3n:\u00a0<strong>\u201cMalarg\u00fce debe empezar a valorizar su propia producci\u00f3n\u201d<\/strong>, afirm\u00f3.<\/p>\n<h4><strong>Autoexclusi\u00f3n<\/strong><\/h4>\n<p><strong>La extrema postura de autoexcluirse de la Vendimia surgi\u00f3 luego de que la Legislatura sancionara la derogaci\u00f3n de la Ley 9.202 y dejara otra vez en vigencia el texto original de la 7.722<\/strong>, conocida como Ley del Agua, y fue acordada por el jefe comunal, la C\u00e1mara de Comercio de Malarg\u00fce, representantes del Movimiento y el Consejo Asesor Minero, senadores provinciales y vecinos autoconvocados.<\/p>\n<p>D\u00edas despu\u00e9s de esa reuni\u00f3n, Gustavo Mir\u00e1s, titular de la C\u00e1mara de Comercio de Malarg\u00fce, dialog\u00f3 con Los Andes y cont\u00f3 que fue su idea que el departamento no participara de la Vendimia:<strong>\u00a0\u201cFue una opini\u00f3n personal, pero que recibi\u00f3 el apoyo de todos los presentes\u201d.<\/strong><\/p>\n<p>Es as\u00ed que el 8 de enero, Ojeda envi\u00f3 el decreto N\u00b0 27\/2020, en el que argument\u00f3 que la Vendimia era la celebraci\u00f3n del vino y del trabajo de los vi\u00f1ateros, algo absolutamente ajeno a la realidad de Malarg\u00fce, que justamente \u201cno cuenta con vi\u00f1edos ni bodegas\u201d y\u00a0<strong>\u201cse caracteriza por la cr\u00eda de ganado caprino, la actividad tur\u00edstica, el petr\u00f3leo y la minera\u201d<\/strong>, por lo que solicit\u00f3 la exclusi\u00f3n departamental en los festejos vendimiales y pidi\u00f3 que se establezca la<strong>\u00a0\u201cFiesta departamental del Trabajo y la Producci\u00f3n\u201d<\/strong>, como la festividad de la matriz productiva del departamento.<\/p>\n<p>Este decreto ya entr\u00f3 en vigencia plena y la nueva fiesta en honor a la miner\u00eda ser\u00e1 complemento del tradicional Festival del Chivo y se celebrar\u00e1 el 31 de enero.<\/p>\n<h4><strong>PATRICIA CECCONATO:<\/strong><strong>\u201c<\/strong><strong>NO COMPARTO LA DECISI\u00d3N DEL INTENDENTE<\/strong><strong>\u201d<\/strong><\/h4>\n<p>Malarg\u00fce es un departamento bastante joven, tiene tan s\u00f3lo 69 a\u00f1os.\u00a0<strong>Es por este motivo que su participaci\u00f3n en la elecci\u00f3n de la Reina comenz\u00f3 reci\u00e9n en 1951, quince a\u00f1os despu\u00e9s de la primera\u00a0Fiesta nacional.<\/strong><\/p>\n<p>En todos estos a\u00f1os obtuvo s\u00f3lo dos coronas nacionales.\u00a0<strong>La primera, en 1991 cuando fue elegida Patricia Cecconato y la segunda y \u00faltima vez fue en 2013, con la elecci\u00f3n y coronaci\u00f3n de Candela Berbel.<\/strong><\/p>\n<p>Patricia Cecconato ante esta hist\u00f3rica medida y fue tajante: \u201cLa respeto pero no la comparto\u201d y se explay\u00f3 en sus fundamentos asegurando que, para ella, \u201c<strong>Vendimia significa esfuerzo y la culminaci\u00f3n de un a\u00f1o de trabajo\u201d<\/strong>, independientemente de la actividad productiva que sea.<\/p>\n<p>\u201c<strong>Es para celebrar un a\u00f1o de trabajo, ya sea de la vid o de la producci\u00f3n de papas o de chivos como tenemos ac\u00e1 en Malarg\u00fce.\u00a0<\/strong>Es para todos los mendocinos una gran fiesta de fin de ciclo, de culminaci\u00f3n del trabajo\u201d.<\/p>\n<p>Agreg\u00f3:\u00a0<strong>\u201cNosotros, por ejemplo, ac\u00e1 tenemos el final de las veranadas de crianceros de chivos que coincide con el final de la cosecha y es un atractivo para el turista que quiere vivir experiencias de campo\u201d<\/strong>.<\/p>\n<p>La ex soberana reconoci\u00f3 tambi\u00e9n que no fue consultada por ninguna autoridad municipal y que espera que sea una medida moment\u00e1nea y que se revierta el pr\u00f3ximo a\u00f1o.<\/p>\n<p>En tanto, Cecconato destac\u00f3 tambi\u00e9n que no comparte que el departamento no elija representante:<strong>\u00a0\u201cPara m\u00ed la Reina es cultura y, a trav\u00e9s de ella, podr\u00edamos promocionar las riquezas de nuestra tierra, invitar a los turistas y contar las maravillas que tiene Malarg\u00fce. Es una gran oportunidad perdida\u201d.<\/strong><\/p>\n<p>Finalmente, Patricia record\u00f3 con felicidad su reinado:\u00a0<strong>\u201cHaber sido embajadora de la Vendimia y haber llevado a Malarg\u00fce la corona fue m\u00e1gico, fue un gran privilegio que a\u00fan me llena de orgullo. Recuerdo a mi pueblo tan feliz. Fue muy emocionante\u201d.\u00a0<\/strong>Rememor\u00f3 que en ese momento no se cuestion\u00f3 si Malarg\u00fce ten\u00eda o no vi\u00f1edos y que en el carro con el que desfil\u00f3 llevaban \u201cbolsitas con piedras\u201d para representar la producci\u00f3n minera.<\/p>\n<p>En 2017, el Gobierno de Alfredo Cornejo federaliz\u00f3 la Bendici\u00f3n de los Frutos y Malarg\u00fce fue elegida y recibi\u00f3 as\u00ed una de las principales actividades relacionadas con la Fiesta Nacional de la Vendimia.<\/p>\n<h5><strong><em>Fuente: Los Andes \/ A.C.<\/em><\/strong><\/h5>\n","protected":false},"excerpt":{"rendered":"<p>La decisi\u00f3n est\u00e1 tomada. Malarg\u00fce no tendr\u00e1 Fiesta de la Vendimia ni ser\u00e1 parte de los actos oficiales de la provincia.\u00a0Lo &#8230;<\/p>\n","protected":false},"author":7,"featured_media":8432,"comment_status":"open","ping_status":"open","sticky":false,"template":"","format":"standard","meta":{"footnotes":""},"categories":[5,25],"tags":[],"class_list":["post-64328","post","type-post","status-publish","format-standard","has-post-thumbnail","hentry","category-actualidad","category-vendimia"],"_links":{"self":[{"href":"https:\/\/vinasfm.com\/noticias\/wp-json\/wp\/v2\/posts\/64328","targetHints":{"allow":["GET"]}}],"collection":[{"href":"https:\/\/vinasfm.com\/noticias\/wp-json\/wp\/v2\/posts"}],"about":[{"href":"https:\/\/vinasfm.com\/noticias\/wp-json\/wp\/v2\/types\/post"}],"author":[{"embeddable":true,"href":"https:\/\/vinasfm.com\/noticias\/wp-json\/wp\/v2\/users\/7"}],"replies":[{"embeddable":true,"href":"https:\/\/vinasfm.com\/noticias\/wp-json\/wp\/v2\/comments?post=64328"}],"version-history":[{"count":1,"href":"https:\/\/vinasfm.com\/noticias\/wp-json\/wp\/v2\/posts\/64328\/revisions"}],"predecessor-version":[{"id":64329,"href":"https:\/\/vinasfm.com\/noticias\/wp-json\/wp\/v2\/posts\/64328\/revisions\/64329"}],"wp:featuredmedia":[{"embeddable":true,"href":"https:\/\/vinasfm.com\/noticias\/wp-json\/wp\/v2\/media\/8432"}],"wp:attachment":[{"href":"https:\/\/vinasfm.com\/noticias\/wp-json\/wp\/v2\/media?parent=64328"}],"wp:term":[{"taxonomy":"category","embeddable":true,"href":"https:\/\/vinasfm.com\/noticias\/wp-json\/wp\/v2\/categories?post=64328"},{"taxonomy":"post_tag","embeddable":true,"href":"https:\/\/vinasfm.com\/noticias\/wp-json\/wp\/v2\/tags?post=64328"}],"curies":[{"name":"wp","href":"https:\/\/api.w.org\/{rel}","templated":true}]}}