{"id":64294,"date":"2020-01-14T06:26:19","date_gmt":"2020-01-14T09:26:19","guid":{"rendered":"http:\/\/vinasfm.com\/noticias\/?p=64294"},"modified":"2020-01-15T09:39:56","modified_gmt":"2020-01-15T12:39:56","slug":"el-helicoptero-dispuesto-en-monte-coman-cuenta-con-bambi-bucket-para-combatir-incendios-desde-el-aire","status":"publish","type":"post","link":"https:\/\/vinasfm.com\/noticias\/el-helicoptero-dispuesto-en-monte-coman-cuenta-con-bambi-bucket-para-combatir-incendios-desde-el-aire\/","title":{"rendered":"EL HELIC\u00d3PTERO DISPUESTO EN MONTE COM\u00c1N CUENTA CON \u201cBAMBI BUCKET\u201d PARA COMBATIR INCENDIOS DESDE EL AIRE"},"content":{"rendered":"<h4><strong>D\u00edas atr\u00e1s el periodismo daba la noticia de que el Ministerio de Seguridad de la Naci\u00f3n dispuso la ubicaci\u00f3n de un helic\u00f3ptero en la base de Monte Com\u00e1n para el trabajo del Plan del Manejo del Fuego ante incendios forestales.<\/strong><\/h4>\n<p>En este marco, se trata de uno de los tres medios a\u00e9reos con los que cuenta la Provincia, ya que adem\u00e1s del helic\u00f3ptero, en otros puntos de Mendoza se han ubicado un avi\u00f3n observador y otro hidrante con capacidad para transportar 4 mil litros de agua para atender siniestro.<\/p>\n<p>Una de las novedades interesantes es que el helic\u00f3ptero con base en Monte Com\u00e1n cuenta con el sistema \u201cbambi bucket\u201d, que permite cargar agua en espejos o cauces de m\u00e1s de un metro de profundidad.<\/p>\n<p>Se trata de cubos especializados que son suspendidos con un cable desde el helic\u00f3ptero para combatir incendios desde el aire. Cada cubo tiene una v\u00e1lvula de liberaci\u00f3n que es controlada por la tripulaci\u00f3n para atacar el fuego. Pueden ser recargados desde una fuente de agua, reduciendo los tiempos de operaciones.<\/p>\n<p>En este sentido, se trata de un sistema m\u00e1s vers\u00e1til y uno de sus mayores beneficios es que permite que el equipo pueda operar en lugares remotos sin la necesidad de volver a una base de funcionamiento permanente, lo que reduce el tiempo de acci\u00f3n.<\/p>\n<p>Adem\u00e1s la aeronave sirve para realizar observaciones y el traslado de brigadistas en caso de ser necesario aterrizar en una zona de incendios donde no haya accesos terrestres.<\/p>\n<h5><em>Fuente: Diario San Rafael. \/ F.B.<\/em><\/h5>\n","protected":false},"excerpt":{"rendered":"<p>D\u00edas atr\u00e1s el periodismo daba la noticia de que el Ministerio de Seguridad de la Naci\u00f3n dispuso la ubicaci\u00f3n de un &#8230;<\/p>\n","protected":false},"author":8,"featured_media":64295,"comment_status":"open","ping_status":"open","sticky":false,"template":"","format":"standard","meta":{"footnotes":""},"categories":[5,51],"tags":[],"class_list":["post-64294","post","type-post","status-publish","format-standard","has-post-thumbnail","hentry","category-actualidad","category-defensa-civil"],"_links":{"self":[{"href":"https:\/\/vinasfm.com\/noticias\/wp-json\/wp\/v2\/posts\/64294","targetHints":{"allow":["GET"]}}],"collection":[{"href":"https:\/\/vinasfm.com\/noticias\/wp-json\/wp\/v2\/posts"}],"about":[{"href":"https:\/\/vinasfm.com\/noticias\/wp-json\/wp\/v2\/types\/post"}],"author":[{"embeddable":true,"href":"https:\/\/vinasfm.com\/noticias\/wp-json\/wp\/v2\/users\/8"}],"replies":[{"embeddable":true,"href":"https:\/\/vinasfm.com\/noticias\/wp-json\/wp\/v2\/comments?post=64294"}],"version-history":[{"count":1,"href":"https:\/\/vinasfm.com\/noticias\/wp-json\/wp\/v2\/posts\/64294\/revisions"}],"predecessor-version":[{"id":64296,"href":"https:\/\/vinasfm.com\/noticias\/wp-json\/wp\/v2\/posts\/64294\/revisions\/64296"}],"wp:featuredmedia":[{"embeddable":true,"href":"https:\/\/vinasfm.com\/noticias\/wp-json\/wp\/v2\/media\/64295"}],"wp:attachment":[{"href":"https:\/\/vinasfm.com\/noticias\/wp-json\/wp\/v2\/media?parent=64294"}],"wp:term":[{"taxonomy":"category","embeddable":true,"href":"https:\/\/vinasfm.com\/noticias\/wp-json\/wp\/v2\/categories?post=64294"},{"taxonomy":"post_tag","embeddable":true,"href":"https:\/\/vinasfm.com\/noticias\/wp-json\/wp\/v2\/tags?post=64294"}],"curies":[{"name":"wp","href":"https:\/\/api.w.org\/{rel}","templated":true}]}}