{"id":64199,"date":"2020-01-10T08:05:39","date_gmt":"2020-01-10T11:05:39","guid":{"rendered":"http:\/\/vinasfm.com\/noticias\/?p=64199"},"modified":"2020-01-13T08:30:23","modified_gmt":"2020-01-13T11:30:23","slug":"vuelve-a-subir-la-temperatura-durante-el-fin-de-semana","status":"publish","type":"post","link":"https:\/\/vinasfm.com\/noticias\/vuelve-a-subir-la-temperatura-durante-el-fin-de-semana\/","title":{"rendered":"VUELVE A SUBIR LA TEMPERATURA DURANTE EL FIN DE SEMANA"},"content":{"rendered":"<p><strong>\u00abC\u00e1lido y poco nuboso, con vientos moderados del sector sur\u00bb fue el pron\u00f3stico anunciado la Direcci\u00f3n de Contingencias Clim\u00e1ticas para hoy, que adem\u00e1s estima una temperatura m\u00e1xima de 31\u00b0<\/strong><strong>.<\/strong><\/p>\n<p>Para este s\u00e1bado se espera que ascienda la temperatura alcanzando una m\u00e1xima de 35\u00b0 y una m\u00ednima de 20\u00b0.\u00a0\u00abCaluroso con nubosidad variable e inestable hacia la noche, vientos leves del sudeste\u00bb, predijo el ente provincial.<\/p>\n<p>Estas caracter\u00edsticas clim\u00e1ticas se mantendr\u00e1n todo el domingo alcanzando una\u00a0m\u00e1xima de 34\u00b0 y una\u00a0m\u00ednima de 22\u00b0.<\/p>\n","protected":false},"excerpt":{"rendered":"<p>\u00abC\u00e1lido y poco nuboso, con vientos moderados del sector sur\u00bb fue el pron\u00f3stico anunciado la Direcci\u00f3n de Contingencias Clim\u00e1ticas para hoy, &#8230;<\/p>\n","protected":false},"author":7,"featured_media":45433,"comment_status":"open","ping_status":"open","sticky":false,"template":"","format":"standard","meta":{"footnotes":""},"categories":[1],"tags":[],"class_list":["post-64199","post","type-post","status-publish","format-standard","has-post-thumbnail","hentry","category-fmvinas"],"_links":{"self":[{"href":"https:\/\/vinasfm.com\/noticias\/wp-json\/wp\/v2\/posts\/64199","targetHints":{"allow":["GET"]}}],"collection":[{"href":"https:\/\/vinasfm.com\/noticias\/wp-json\/wp\/v2\/posts"}],"about":[{"href":"https:\/\/vinasfm.com\/noticias\/wp-json\/wp\/v2\/types\/post"}],"author":[{"embeddable":true,"href":"https:\/\/vinasfm.com\/noticias\/wp-json\/wp\/v2\/users\/7"}],"replies":[{"embeddable":true,"href":"https:\/\/vinasfm.com\/noticias\/wp-json\/wp\/v2\/comments?post=64199"}],"version-history":[{"count":1,"href":"https:\/\/vinasfm.com\/noticias\/wp-json\/wp\/v2\/posts\/64199\/revisions"}],"predecessor-version":[{"id":64200,"href":"https:\/\/vinasfm.com\/noticias\/wp-json\/wp\/v2\/posts\/64199\/revisions\/64200"}],"wp:featuredmedia":[{"embeddable":true,"href":"https:\/\/vinasfm.com\/noticias\/wp-json\/wp\/v2\/media\/45433"}],"wp:attachment":[{"href":"https:\/\/vinasfm.com\/noticias\/wp-json\/wp\/v2\/media?parent=64199"}],"wp:term":[{"taxonomy":"category","embeddable":true,"href":"https:\/\/vinasfm.com\/noticias\/wp-json\/wp\/v2\/categories?post=64199"},{"taxonomy":"post_tag","embeddable":true,"href":"https:\/\/vinasfm.com\/noticias\/wp-json\/wp\/v2\/tags?post=64199"}],"curies":[{"name":"wp","href":"https:\/\/api.w.org\/{rel}","templated":true}]}}