{"id":64195,"date":"2020-01-10T07:41:20","date_gmt":"2020-01-10T10:41:20","guid":{"rendered":"http:\/\/vinasfm.com\/noticias\/?p=64195"},"modified":"2020-01-10T07:44:38","modified_gmt":"2020-01-10T10:44:38","slug":"el-servicio-nacional-de-manejo-del-fuego-dispuso-un-helicoptero-para-monte-coman","status":"publish","type":"post","link":"https:\/\/vinasfm.com\/noticias\/el-servicio-nacional-de-manejo-del-fuego-dispuso-un-helicoptero-para-monte-coman\/","title":{"rendered":"EL SERVICIO NACIONAL DE MANEJO DEL FUEGO DISPUSO UN HELIC\u00d3PTERO PARA MONTE COM\u00c1N"},"content":{"rendered":"<p><strong>El Servicio Nacional de Manejo del Fuego habilit\u00f3 helic\u00f3pteros especiales para la lucha contra incendios y uno de ellos fue destinado al sur provincial.<\/strong><\/p>\n<p>Seg\u00fan explicaron desde las redes sociales del Ministerio de Seguridad de la Naci\u00f3n, los tres helic\u00f3pteros que \u201cse desplegaron para prevenci\u00f3n y combate del fuego\u201d han tenido como destino Caril\u00f3, Monte Com\u00e1n y Santa Rosa, en la vecina provincia de La Pampa.<\/p>\n<p>Seg\u00fan a\u00f1adieron, estos tres lugares son las bases desde donde trabajar\u00e1n para la protecci\u00f3n de Buenos Aires, La Pampa y Mendoza ante la temporada alta de incendios forestales.<\/p>\n<p>Hay que destacar que la propia ministra nacional Sabrina Frederic comenz\u00f3 una ronda de reuniones en diferentes puntos del pa\u00eds para abordar esta tem\u00e1tica.<\/p>\n<p>El objetivo es colaborar con las autoridades provinciales en un programa de seguridad federal que pretendemos llevar adelante en distintos puntos del pa\u00eds para lograr reducir el riesgo de los incendios de campos, que tanto da\u00f1o generan en la Argentina.<\/p>\n<p>De esta manera, se busca generar un trabajo conjunto para colaborar con la ardua tarea que lleva a cabo el Plan Provincial del Manejo del Fuego y sus brigadistas, quienes trabajan fuertemente para proteger la flora y la fauna mendocina.<\/p>\n<p>San Rafael y General Alvear son dos de las zonas que m\u00e1s sufren por los incendios forestales en la provincia de Mendoza.<\/p>\n<h5><strong><em>Fuente: Diario San Rafael \/ A.C.<\/em><\/strong><\/h5>\n","protected":false},"excerpt":{"rendered":"<p>El Servicio Nacional de Manejo del Fuego habilit\u00f3 helic\u00f3pteros especiales para la lucha contra incendios y uno de ellos fue destinado &#8230;<\/p>\n","protected":false},"author":7,"featured_media":64196,"comment_status":"open","ping_status":"open","sticky":false,"template":"","format":"standard","meta":{"footnotes":""},"categories":[5,51],"tags":[],"class_list":["post-64195","post","type-post","status-publish","format-standard","has-post-thumbnail","hentry","category-actualidad","category-defensa-civil"],"_links":{"self":[{"href":"https:\/\/vinasfm.com\/noticias\/wp-json\/wp\/v2\/posts\/64195","targetHints":{"allow":["GET"]}}],"collection":[{"href":"https:\/\/vinasfm.com\/noticias\/wp-json\/wp\/v2\/posts"}],"about":[{"href":"https:\/\/vinasfm.com\/noticias\/wp-json\/wp\/v2\/types\/post"}],"author":[{"embeddable":true,"href":"https:\/\/vinasfm.com\/noticias\/wp-json\/wp\/v2\/users\/7"}],"replies":[{"embeddable":true,"href":"https:\/\/vinasfm.com\/noticias\/wp-json\/wp\/v2\/comments?post=64195"}],"version-history":[{"count":1,"href":"https:\/\/vinasfm.com\/noticias\/wp-json\/wp\/v2\/posts\/64195\/revisions"}],"predecessor-version":[{"id":64198,"href":"https:\/\/vinasfm.com\/noticias\/wp-json\/wp\/v2\/posts\/64195\/revisions\/64198"}],"wp:featuredmedia":[{"embeddable":true,"href":"https:\/\/vinasfm.com\/noticias\/wp-json\/wp\/v2\/media\/64196"}],"wp:attachment":[{"href":"https:\/\/vinasfm.com\/noticias\/wp-json\/wp\/v2\/media?parent=64195"}],"wp:term":[{"taxonomy":"category","embeddable":true,"href":"https:\/\/vinasfm.com\/noticias\/wp-json\/wp\/v2\/categories?post=64195"},{"taxonomy":"post_tag","embeddable":true,"href":"https:\/\/vinasfm.com\/noticias\/wp-json\/wp\/v2\/tags?post=64195"}],"curies":[{"name":"wp","href":"https:\/\/api.w.org\/{rel}","templated":true}]}}