{"id":64161,"date":"2020-01-09T08:40:25","date_gmt":"2020-01-09T11:40:25","guid":{"rendered":"http:\/\/vinasfm.com\/noticias\/?p=64161"},"modified":"2020-01-10T10:05:21","modified_gmt":"2020-01-10T13:05:21","slug":"avanzan-las-obras-de-remodelacion-en-la-plaza-manuel-belgrano","status":"publish","type":"post","link":"https:\/\/vinasfm.com\/noticias\/avanzan-las-obras-de-remodelacion-en-la-plaza-manuel-belgrano\/","title":{"rendered":"AVANZAN LAS OBRAS DE REMODELACI\u00d3N EN LA PLAZA &#8216;MANUEL BELGRANO&#8217;"},"content":{"rendered":"<h4><strong>A partir de este mes reanudaron las tareas en la Plaza Manuel Belgrano de Alvear Oeste, una obra que embellecer\u00e1 a\u00fan m\u00e1s al distrito.<\/strong><\/h4>\n<p>Actualmente se est\u00e1 trabajando en el adoquinado de los veredines de la plaza, una tarea que se realiza \u00edntegramente con empleados municipales: \u201c<em>El adoquinado no estaba pensado pero en conjunto se dio cuenta que le daba una belleza especial a esta plaza que cuenta con un lindo arbolado<\/em>\u201d, expres\u00f3 el delegado distrital <strong>Mariano Varela<\/strong>.<\/p>\n<p>\u201c<em>Esto lo han estado trabajando los empleados municipales ya que es por administraci\u00f3n permitiendo la valorizaci\u00f3n del trabajo local<\/em>\u201d, resalt\u00f3 Varela.<\/p>\n<p>Adem\u00e1s del adoquinado, tambi\u00e9n se trabaja en la <strong>realizaci\u00f3n de modernas bajadas en cada esquina<\/strong>, <strong>se instalar\u00e1n nuevos juegos<\/strong> para los m\u00e1s peque\u00f1os y <strong>luminarias led<\/strong>. Todo esto es parte de una remodelaci\u00f3n integral de este espacio, respetando su identidad y reparando los monumentos que all\u00ed se encuentran.<\/p>\n<p>\u00ab<em>Fueron muchos a\u00f1os de falta de obra y cambios estructurales por eso desde 2015 el Intendente apost\u00f3 por generar estos avances que queden por mucho tiempo<\/em>\u00ab, puntualiz\u00f3 el delegado, quien asegur\u00f3 que \u00ab<em>la aceptaci\u00f3n de los vecinos ha sido suma respecto a todas las obras que se realizan en Alvear Oeste<\/em>\u00ab.<\/p>\n<h5><em>F.B.<\/em><\/h5>\n","protected":false},"excerpt":{"rendered":"<p>A partir de este mes reanudaron las tareas en la Plaza Manuel Belgrano de Alvear Oeste, una obra que embellecer\u00e1 a\u00fan &#8230;<\/p>\n","protected":false},"author":8,"featured_media":64164,"comment_status":"open","ping_status":"open","sticky":false,"template":"","format":"standard","meta":{"footnotes":""},"categories":[1],"tags":[],"class_list":["post-64161","post","type-post","status-publish","format-standard","has-post-thumbnail","hentry","category-fmvinas"],"_links":{"self":[{"href":"https:\/\/vinasfm.com\/noticias\/wp-json\/wp\/v2\/posts\/64161","targetHints":{"allow":["GET"]}}],"collection":[{"href":"https:\/\/vinasfm.com\/noticias\/wp-json\/wp\/v2\/posts"}],"about":[{"href":"https:\/\/vinasfm.com\/noticias\/wp-json\/wp\/v2\/types\/post"}],"author":[{"embeddable":true,"href":"https:\/\/vinasfm.com\/noticias\/wp-json\/wp\/v2\/users\/8"}],"replies":[{"embeddable":true,"href":"https:\/\/vinasfm.com\/noticias\/wp-json\/wp\/v2\/comments?post=64161"}],"version-history":[{"count":2,"href":"https:\/\/vinasfm.com\/noticias\/wp-json\/wp\/v2\/posts\/64161\/revisions"}],"predecessor-version":[{"id":64168,"href":"https:\/\/vinasfm.com\/noticias\/wp-json\/wp\/v2\/posts\/64161\/revisions\/64168"}],"wp:featuredmedia":[{"embeddable":true,"href":"https:\/\/vinasfm.com\/noticias\/wp-json\/wp\/v2\/media\/64164"}],"wp:attachment":[{"href":"https:\/\/vinasfm.com\/noticias\/wp-json\/wp\/v2\/media?parent=64161"}],"wp:term":[{"taxonomy":"category","embeddable":true,"href":"https:\/\/vinasfm.com\/noticias\/wp-json\/wp\/v2\/categories?post=64161"},{"taxonomy":"post_tag","embeddable":true,"href":"https:\/\/vinasfm.com\/noticias\/wp-json\/wp\/v2\/tags?post=64161"}],"curies":[{"name":"wp","href":"https:\/\/api.w.org\/{rel}","templated":true}]}}