{"id":64126,"date":"2020-01-08T09:28:07","date_gmt":"2020-01-08T12:28:07","guid":{"rendered":"http:\/\/vinasfm.com\/noticias\/?p=64126"},"modified":"2020-01-09T10:13:06","modified_gmt":"2020-01-09T13:13:06","slug":"una-moto-atropello-a-una-mujer-y-a-su-hijo-en-bowen","status":"publish","type":"post","link":"https:\/\/vinasfm.com\/noticias\/una-moto-atropello-a-una-mujer-y-a-su-hijo-en-bowen\/","title":{"rendered":"UNA MOTO ATROPELL\u00d3 A UNA MUJER Y A SU HIJO EN BOWEN"},"content":{"rendered":"<h4><strong>En la noche de este martes, un motociclista atropell\u00f3 accidentalmente a una peat\u00f3n y su hijo en calle 19 antes de la intersecci\u00f3n con Ruta 188.<\/strong><\/h4>\n<p>Todo sucedi\u00f3 cerca de las <strong>22:15h de ayer<\/strong> cuando <em>Marcia Greco<\/em> (30) caminaba con direcci\u00f3n al sur por la ciclov\u00eda de calle 19 junto a <em>su hijo de 1 a\u00f1o<\/em> y son colisionados por una <strong>moto marca Brava Altino 150cc<\/strong>, al mando de <em>Pedro Espinosa<\/em> (40) quien circulaba en id\u00e9ntico sentido.<\/p>\n<p>A ra\u00edz del accidente el conductor del rodado termin\u00f3 con traumatismo cervical y traumatismo sacro cox\u00edgeo por lo que debi\u00f3 ser asistido en el Centro de Salud de Bowen. Por su parte, la mujer revisti\u00f3 fractura en cresta iliaca por lo que debi\u00f3 ser internada en el Hospital \u201cEnfermeros Argentinos\u201d junto con el peque\u00f1o, quien fue diagnosticado con politraumatismo de cr\u00e1neo sin p\u00e9rdida de conocimiento.<\/p>\n<p>El siniestro qued\u00f3 asentado en Comisar\u00eda 46\u00aa bajo instrucci\u00f3n de la Unidad Fiscal con jurisdicci\u00f3n en Bowen.<\/p>\n<h5><em>F.B. (F.M. Vi\u00f1as).<\/em><\/h5>\n","protected":false},"excerpt":{"rendered":"<p>En la noche de este martes, un motociclista atropell\u00f3 accidentalmente a una peat\u00f3n y su hijo en calle 19 antes de &#8230;<\/p>\n","protected":false},"author":8,"featured_media":56107,"comment_status":"open","ping_status":"open","sticky":false,"template":"","format":"standard","meta":{"footnotes":""},"categories":[5,4],"tags":[],"class_list":["post-64126","post","type-post","status-publish","format-standard","has-post-thumbnail","hentry","category-actualidad","category-policiales"],"_links":{"self":[{"href":"https:\/\/vinasfm.com\/noticias\/wp-json\/wp\/v2\/posts\/64126","targetHints":{"allow":["GET"]}}],"collection":[{"href":"https:\/\/vinasfm.com\/noticias\/wp-json\/wp\/v2\/posts"}],"about":[{"href":"https:\/\/vinasfm.com\/noticias\/wp-json\/wp\/v2\/types\/post"}],"author":[{"embeddable":true,"href":"https:\/\/vinasfm.com\/noticias\/wp-json\/wp\/v2\/users\/8"}],"replies":[{"embeddable":true,"href":"https:\/\/vinasfm.com\/noticias\/wp-json\/wp\/v2\/comments?post=64126"}],"version-history":[{"count":1,"href":"https:\/\/vinasfm.com\/noticias\/wp-json\/wp\/v2\/posts\/64126\/revisions"}],"predecessor-version":[{"id":64127,"href":"https:\/\/vinasfm.com\/noticias\/wp-json\/wp\/v2\/posts\/64126\/revisions\/64127"}],"wp:featuredmedia":[{"embeddable":true,"href":"https:\/\/vinasfm.com\/noticias\/wp-json\/wp\/v2\/media\/56107"}],"wp:attachment":[{"href":"https:\/\/vinasfm.com\/noticias\/wp-json\/wp\/v2\/media?parent=64126"}],"wp:term":[{"taxonomy":"category","embeddable":true,"href":"https:\/\/vinasfm.com\/noticias\/wp-json\/wp\/v2\/categories?post=64126"},{"taxonomy":"post_tag","embeddable":true,"href":"https:\/\/vinasfm.com\/noticias\/wp-json\/wp\/v2\/tags?post=64126"}],"curies":[{"name":"wp","href":"https:\/\/api.w.org\/{rel}","templated":true}]}}