{"id":63976,"date":"2020-01-03T11:05:06","date_gmt":"2020-01-03T14:05:06","guid":{"rendered":"http:\/\/vinasfm.com\/noticias\/?p=63976"},"modified":"2020-01-04T12:06:47","modified_gmt":"2020-01-04T15:06:47","slug":"inseguridad-dejo-su-moto-estacionada-en-la-vereda-y-se-la-robaron","status":"publish","type":"post","link":"https:\/\/vinasfm.com\/noticias\/inseguridad-dejo-su-moto-estacionada-en-la-vereda-y-se-la-robaron\/","title":{"rendered":"INSEGURIDAD: DEJ\u00d3 SU MOTO ESTACIONADA EN LA VEREDA Y SE LA ROBARON"},"content":{"rendered":"<h4><strong>Ocurri\u00f3 cerca de las 02:30h de este viernes mientras el propietario se encontraba en el interior en una vivienda de calle Albox.<\/strong><\/h4>\n<p>Seg\u00fan denunci\u00f3 la v\u00edctima en Comisar\u00eda 14\u00aa, hab\u00eda dejado su <strong>Corven 110cc<\/strong> estacionada en la vereda de la propiedad ubicada en Albox, entre Granaderos y Diagonal Carlos Pellegrini, cuando en un momento de descuido un delincuente la \u201cdestrab\u00f3\u201d y se la llev\u00f3 sigilosamente.<\/p>\n<p>A ra\u00edz de este hecho, se labraron actuaciones bajo instrucci\u00f3n de la Unidad Fiscal de Gral. Alvear.<\/p>\n<h5><em>F.B. <\/em><\/h5>\n","protected":false},"excerpt":{"rendered":"<p>Ocurri\u00f3 cerca de las 02:30h de este viernes mientras el propietario se encontraba en el interior en una vivienda de calle &#8230;<\/p>\n","protected":false},"author":8,"featured_media":50154,"comment_status":"open","ping_status":"open","sticky":false,"template":"","format":"standard","meta":{"footnotes":""},"categories":[5,4],"tags":[],"class_list":["post-63976","post","type-post","status-publish","format-standard","has-post-thumbnail","hentry","category-actualidad","category-policiales"],"_links":{"self":[{"href":"https:\/\/vinasfm.com\/noticias\/wp-json\/wp\/v2\/posts\/63976","targetHints":{"allow":["GET"]}}],"collection":[{"href":"https:\/\/vinasfm.com\/noticias\/wp-json\/wp\/v2\/posts"}],"about":[{"href":"https:\/\/vinasfm.com\/noticias\/wp-json\/wp\/v2\/types\/post"}],"author":[{"embeddable":true,"href":"https:\/\/vinasfm.com\/noticias\/wp-json\/wp\/v2\/users\/8"}],"replies":[{"embeddable":true,"href":"https:\/\/vinasfm.com\/noticias\/wp-json\/wp\/v2\/comments?post=63976"}],"version-history":[{"count":1,"href":"https:\/\/vinasfm.com\/noticias\/wp-json\/wp\/v2\/posts\/63976\/revisions"}],"predecessor-version":[{"id":63978,"href":"https:\/\/vinasfm.com\/noticias\/wp-json\/wp\/v2\/posts\/63976\/revisions\/63978"}],"wp:featuredmedia":[{"embeddable":true,"href":"https:\/\/vinasfm.com\/noticias\/wp-json\/wp\/v2\/media\/50154"}],"wp:attachment":[{"href":"https:\/\/vinasfm.com\/noticias\/wp-json\/wp\/v2\/media?parent=63976"}],"wp:term":[{"taxonomy":"category","embeddable":true,"href":"https:\/\/vinasfm.com\/noticias\/wp-json\/wp\/v2\/categories?post=63976"},{"taxonomy":"post_tag","embeddable":true,"href":"https:\/\/vinasfm.com\/noticias\/wp-json\/wp\/v2\/tags?post=63976"}],"curies":[{"name":"wp","href":"https:\/\/api.w.org\/{rel}","templated":true}]}}