{"id":63880,"date":"2020-01-02T07:06:35","date_gmt":"2020-01-02T10:06:35","guid":{"rendered":"http:\/\/vinasfm.com\/noticias\/?p=63880"},"modified":"2020-01-03T09:48:35","modified_gmt":"2020-01-03T12:48:35","slug":"inicio-de-ano-sofocante-en-alvear","status":"publish","type":"post","link":"https:\/\/vinasfm.com\/noticias\/inicio-de-ano-sofocante-en-alvear\/","title":{"rendered":"INICIO DE A\u00d1O SOFOCANTE"},"content":{"rendered":"<h4><strong>El a\u00f1o arranc\u00f3 registrando altas temperaturas en el departamento. El term\u00f3metro sigue ascendiendo y para este jueves se espera una jornada sofocante. Desde el Servicio Meteorol\u00f3gico Nacional\u00a0 advierten sobre una ola de calor.<\/strong><\/h4>\n<p>La Direcci\u00f3n de Agricultura y Contingencias Clim\u00e1ticas anunci\u00f3 para este jueves \u00abc<strong>aluroso e inestable con nubosidad variable y tormentas aisladas hacia la noche, vientos leves del sector sur\u00bb. La m\u00e1xima estimada para hoy ser\u00e1 de 35\u00baC mientras que la\u00a0 m\u00ednima ser\u00e1 de 20\u00baC.<\/strong><\/p>\n<p>Camino al fin de semana el tiempo no dar\u00e1 tregua y el calor \u00abinfernal\u00bb seguir\u00e1 firma con m\u00e1ximas que llegar\u00e1n hasta los 38\u00b0C.<\/p>\n<h5><em><strong>A.C.<\/strong><\/em><\/h5>\n","protected":false},"excerpt":{"rendered":"<p>El a\u00f1o arranc\u00f3 registrando altas temperaturas en el departamento. El term\u00f3metro sigue ascendiendo y para este jueves se espera una jornada &#8230;<\/p>\n","protected":false},"author":7,"featured_media":6743,"comment_status":"open","ping_status":"open","sticky":false,"template":"","format":"standard","meta":{"footnotes":""},"categories":[1],"tags":[],"class_list":["post-63880","post","type-post","status-publish","format-standard","has-post-thumbnail","hentry","category-fmvinas"],"_links":{"self":[{"href":"https:\/\/vinasfm.com\/noticias\/wp-json\/wp\/v2\/posts\/63880","targetHints":{"allow":["GET"]}}],"collection":[{"href":"https:\/\/vinasfm.com\/noticias\/wp-json\/wp\/v2\/posts"}],"about":[{"href":"https:\/\/vinasfm.com\/noticias\/wp-json\/wp\/v2\/types\/post"}],"author":[{"embeddable":true,"href":"https:\/\/vinasfm.com\/noticias\/wp-json\/wp\/v2\/users\/7"}],"replies":[{"embeddable":true,"href":"https:\/\/vinasfm.com\/noticias\/wp-json\/wp\/v2\/comments?post=63880"}],"version-history":[{"count":2,"href":"https:\/\/vinasfm.com\/noticias\/wp-json\/wp\/v2\/posts\/63880\/revisions"}],"predecessor-version":[{"id":63948,"href":"https:\/\/vinasfm.com\/noticias\/wp-json\/wp\/v2\/posts\/63880\/revisions\/63948"}],"wp:featuredmedia":[{"embeddable":true,"href":"https:\/\/vinasfm.com\/noticias\/wp-json\/wp\/v2\/media\/6743"}],"wp:attachment":[{"href":"https:\/\/vinasfm.com\/noticias\/wp-json\/wp\/v2\/media?parent=63880"}],"wp:term":[{"taxonomy":"category","embeddable":true,"href":"https:\/\/vinasfm.com\/noticias\/wp-json\/wp\/v2\/categories?post=63880"},{"taxonomy":"post_tag","embeddable":true,"href":"https:\/\/vinasfm.com\/noticias\/wp-json\/wp\/v2\/tags?post=63880"}],"curies":[{"name":"wp","href":"https:\/\/api.w.org\/{rel}","templated":true}]}}