{"id":63861,"date":"2020-01-02T07:45:57","date_gmt":"2020-01-02T10:45:57","guid":{"rendered":"http:\/\/vinasfm.com\/noticias\/?p=63861"},"modified":"2020-01-03T09:52:28","modified_gmt":"2020-01-03T12:52:28","slug":"el-primer-juicio-por-jurado-del-ano-comenzara-en-febrero-sera-el-caso-del-femicidio-de-roxana-ferreyra","status":"publish","type":"post","link":"https:\/\/vinasfm.com\/noticias\/el-primer-juicio-por-jurado-del-ano-comenzara-en-febrero-sera-el-caso-del-femicidio-de-roxana-ferreyra\/","title":{"rendered":"EL PRIMER JUICIO POR JURADO DEL A\u00d1O COMENZAR\u00c1 EN FEBRERO: SER\u00c1 EL CASO DEL FEMICIDIO DE ROXANA FERREYRA"},"content":{"rendered":"<h4><strong>El debate tendr\u00e1 en el banquillo de los acusados a Ram\u00f3n Castro, imputado por \u201chomicidio agravado por violencia de g\u00e9nero\u201d. El hecho ocurri\u00f3 el 5 de noviembre de 2018, cuando Roxana Ferreyra fue apu\u00f1alada en el cuello por Castro, su expareja, provoc\u00e1ndole la muerte en el acto.\u00a0<\/strong><\/h4>\n<p>El primer debate con jurado popular de la Segunda Circunscripci\u00f3n Judicial comenzar\u00e1 el 18 de febrero y tendr\u00e1 en el banquillo de los acusados a Ram\u00f3n Castro, imputado por el femicidio de su expareja Roxana Ferreyra.<\/p>\n<p>Antes del inicio de la feria judicial, en los tribunales de San Rafael se realiz\u00f3 una audiencia en la que las partes \u2013integradas por el juez de garant\u00edas, Ministerio P\u00fablico Fiscal y la defensa t\u00e9cnica del acusado\u2013 introdujeron las pruebas que ser\u00e1n v\u00e1lidas durante el juicio.<\/p>\n<p>Asimismo, se acord\u00f3 que el pr\u00f3ximo 5 de febrero sean sorteados 48 ciudadanos que integren el padr\u00f3n de jurados de San Rafael, General Alvear y Malarg\u00fce y que quedar\u00e1n en lista de posibles designaciones para los debates que se desarrollen bajo esa modalidad.<\/p>\n<p>Los 6 hombres y 6 mujeres que integren el jurado en el juicio contra Ram\u00f3n Castro, m\u00e1s los 4 suplentes, ser\u00e1n seleccionados dentro de los cinco d\u00edas h\u00e1biles previos al debate.<\/p>\n<h4><strong>El hecho<\/strong><\/h4>\n<p>Ram\u00f3n Castro llega al juicio acusado de \u201chomicidio agravado por violencia de g\u00e9nero (femicidio)\u201d. El 5 de noviembre de 2018, Roxana Ferreyra sali\u00f3 de su casa a trabajar y en el camino fue interceptada por Castro, su expareja, quien le hizo perder el dominio del rodado y le provoc\u00f3 la ca\u00edda. Se cree que la hab\u00eda seguido desde la propiedad donde viv\u00eda la v\u00edctima. El sujeto utiliz\u00f3 un cuchillo para apu\u00f1alar a Roxana en el cuello, provoc\u00e1ndole la muerte en el acto. Luego subi\u00f3 a un \u00e1rbol donde intent\u00f3 acabar con su vida, pero finalmente fue detenido.<\/p>\n<p>En el juicio, la Fiscal\u00eda buscar\u00e1 demostrar que Castro siempre tuvo intenciones de matar a Roxana y lo hizo a modo de venganza. Es que un d\u00eda antes, el femicida la habr\u00eda visto con otro hombre.<\/p>\n<p>En tanto que la defensa del acusado apela a que el jurado considere que mat\u00f3 a Roxana motorizado por la emoci\u00f3n violenta que le ocasionaron los celos.<\/p>\n<p>La decisi\u00f3n final la tendr\u00e1n quienes integren el tribunal popular y determinen la responsabilidad o no de Castro en el delito que se le acusa. De hallarlo culpable, el sujeto enfrenta la prisi\u00f3n perpetua.<\/p>\n<h5><strong><em>Fuente: Diario San Rafael \/ A.C.<\/em><\/strong><\/h5>\n","protected":false},"excerpt":{"rendered":"<p>El debate tendr\u00e1 en el banquillo de los acusados a Ram\u00f3n Castro, imputado por \u201chomicidio agravado por violencia de g\u00e9nero\u201d. El &#8230;<\/p>\n","protected":false},"author":7,"featured_media":63078,"comment_status":"open","ping_status":"open","sticky":false,"template":"","format":"standard","meta":{"footnotes":""},"categories":[5,22],"tags":[],"class_list":["post-63861","post","type-post","status-publish","format-standard","has-post-thumbnail","hentry","category-actualidad","category-justicia"],"_links":{"self":[{"href":"https:\/\/vinasfm.com\/noticias\/wp-json\/wp\/v2\/posts\/63861","targetHints":{"allow":["GET"]}}],"collection":[{"href":"https:\/\/vinasfm.com\/noticias\/wp-json\/wp\/v2\/posts"}],"about":[{"href":"https:\/\/vinasfm.com\/noticias\/wp-json\/wp\/v2\/types\/post"}],"author":[{"embeddable":true,"href":"https:\/\/vinasfm.com\/noticias\/wp-json\/wp\/v2\/users\/7"}],"replies":[{"embeddable":true,"href":"https:\/\/vinasfm.com\/noticias\/wp-json\/wp\/v2\/comments?post=63861"}],"version-history":[{"count":1,"href":"https:\/\/vinasfm.com\/noticias\/wp-json\/wp\/v2\/posts\/63861\/revisions"}],"predecessor-version":[{"id":63862,"href":"https:\/\/vinasfm.com\/noticias\/wp-json\/wp\/v2\/posts\/63861\/revisions\/63862"}],"wp:featuredmedia":[{"embeddable":true,"href":"https:\/\/vinasfm.com\/noticias\/wp-json\/wp\/v2\/media\/63078"}],"wp:attachment":[{"href":"https:\/\/vinasfm.com\/noticias\/wp-json\/wp\/v2\/media?parent=63861"}],"wp:term":[{"taxonomy":"category","embeddable":true,"href":"https:\/\/vinasfm.com\/noticias\/wp-json\/wp\/v2\/categories?post=63861"},{"taxonomy":"post_tag","embeddable":true,"href":"https:\/\/vinasfm.com\/noticias\/wp-json\/wp\/v2\/tags?post=63861"}],"curies":[{"name":"wp","href":"https:\/\/api.w.org\/{rel}","templated":true}]}}