{"id":63792,"date":"2019-12-30T10:16:30","date_gmt":"2019-12-30T13:16:30","guid":{"rendered":"http:\/\/vinasfm.com\/noticias\/?p=63792"},"modified":"2019-12-31T09:47:14","modified_gmt":"2019-12-31T12:47:14","slug":"miles-de-alvearenses-participaron-de-un-banderazo-por-la-7722","status":"publish","type":"post","link":"https:\/\/vinasfm.com\/noticias\/miles-de-alvearenses-participaron-de-un-banderazo-por-la-7722\/","title":{"rendered":"MILES DE ALVEARENSES PARTICIPARON DE UN BANDERAZO POR LA 7722"},"content":{"rendered":"<h4><strong>En la tarde de este domingo, una multitud particip\u00f3 de un banderazo en nuestro departamento. Miles con banderas argentinas marcharon desde los cuatro puntos cardinales en defensa de la Ley 7722.<\/strong><\/h4>\n<p>Las calles de nuestra ciudad se vistieron de celeste y blanco con las banderas empu\u00f1adas por miles de alvearenses con el fin de seguir defendiendo la 7722. Desde los cuatro puntos cardinales de nuestro departamento\u00a0 llegaron columnas que confluyeron en el KM 0 de la Ciudad, donde se entonaron las estrofas del himno nacional, para luego marchar hacia la plaza departamental.<\/p>\n<p><img loading=\"lazy\" decoding=\"async\" class=\" wp-image-63794 aligncenter\" src=\"http:\/\/vinasfm.com\/noticias\/wp-content\/uploads\/2019\/12\/c5cf2991-e0e2-4ac5-9056-5911bf63e8e7-300x152.jpg\" alt=\"\" width=\"574\" height=\"291\" srcset=\"https:\/\/vinasfm.com\/noticias\/wp-content\/uploads\/2019\/12\/c5cf2991-e0e2-4ac5-9056-5911bf63e8e7-300x152.jpg 300w, https:\/\/vinasfm.com\/noticias\/wp-content\/uploads\/2019\/12\/c5cf2991-e0e2-4ac5-9056-5911bf63e8e7.jpg 720w\" sizes=\"auto, (max-width: 574px) 100vw, 574px\" \/><\/p>\n<p>&nbsp;<\/p>\n<p>\u201c<em>Esto es un anticipo de lo que va a ser este lunes en las calles porque la lucha no termin\u00f3, estamos ganando pero tenemos que seguir en las calles<\/em>\u201d dijo a la prensa <strong>Pilar Castilla<\/strong>, una de las referentes de esta lucha. Este lunes los asamble\u00edstas, y todo el pueblo de General Alvear y Mendoza va a seguir atento la sesi\u00f3n en la Legislatura donde se va a tratar la derogaci\u00f3n de la 9209 y la restauraci\u00f3n de la 7722.<\/p>\n<p><img loading=\"lazy\" decoding=\"async\" class=\" wp-image-63795 aligncenter\" src=\"http:\/\/vinasfm.com\/noticias\/wp-content\/uploads\/2019\/12\/5fb929dc-014c-4688-b7b2-27128634a59c-e1577711765419-300x243.jpg\" alt=\"\" width=\"436\" height=\"353\" srcset=\"https:\/\/vinasfm.com\/noticias\/wp-content\/uploads\/2019\/12\/5fb929dc-014c-4688-b7b2-27128634a59c-e1577711765419-300x243.jpg 300w, https:\/\/vinasfm.com\/noticias\/wp-content\/uploads\/2019\/12\/5fb929dc-014c-4688-b7b2-27128634a59c-e1577711765419.jpg 720w\" sizes=\"auto, (max-width: 436px) 100vw, 436px\" \/><\/p>\n<p>&nbsp;<\/p>\n<p><em>\u201cVamos a seguir la sesi\u00f3n para ver que resoluci\u00f3n toman y recomenzar la lucha dependendiendo de la decisi\u00f3n de los legisladores. Fue mucha lucha y nos espera m\u00e1s porque no va a ser nada f\u00e1cil ya que el lobby minero es muy grande<\/em>\u201d, culmin\u00f3 Castilla.<\/p>\n<h5><em>F.B.<\/em><\/h5>\n","protected":false},"excerpt":{"rendered":"<p>En la tarde de este domingo, una multitud particip\u00f3 de un banderazo en nuestro departamento. Miles con banderas argentinas marcharon desde &#8230;<\/p>\n","protected":false},"author":8,"featured_media":63793,"comment_status":"open","ping_status":"open","sticky":false,"template":"","format":"standard","meta":{"footnotes":""},"categories":[5,57],"tags":[],"class_list":["post-63792","post","type-post","status-publish","format-standard","has-post-thumbnail","hentry","category-actualidad","category-ley-7722"],"_links":{"self":[{"href":"https:\/\/vinasfm.com\/noticias\/wp-json\/wp\/v2\/posts\/63792","targetHints":{"allow":["GET"]}}],"collection":[{"href":"https:\/\/vinasfm.com\/noticias\/wp-json\/wp\/v2\/posts"}],"about":[{"href":"https:\/\/vinasfm.com\/noticias\/wp-json\/wp\/v2\/types\/post"}],"author":[{"embeddable":true,"href":"https:\/\/vinasfm.com\/noticias\/wp-json\/wp\/v2\/users\/8"}],"replies":[{"embeddable":true,"href":"https:\/\/vinasfm.com\/noticias\/wp-json\/wp\/v2\/comments?post=63792"}],"version-history":[{"count":2,"href":"https:\/\/vinasfm.com\/noticias\/wp-json\/wp\/v2\/posts\/63792\/revisions"}],"predecessor-version":[{"id":63803,"href":"https:\/\/vinasfm.com\/noticias\/wp-json\/wp\/v2\/posts\/63792\/revisions\/63803"}],"wp:featuredmedia":[{"embeddable":true,"href":"https:\/\/vinasfm.com\/noticias\/wp-json\/wp\/v2\/media\/63793"}],"wp:attachment":[{"href":"https:\/\/vinasfm.com\/noticias\/wp-json\/wp\/v2\/media?parent=63792"}],"wp:term":[{"taxonomy":"category","embeddable":true,"href":"https:\/\/vinasfm.com\/noticias\/wp-json\/wp\/v2\/categories?post=63792"},{"taxonomy":"post_tag","embeddable":true,"href":"https:\/\/vinasfm.com\/noticias\/wp-json\/wp\/v2\/tags?post=63792"}],"curies":[{"name":"wp","href":"https:\/\/api.w.org\/{rel}","templated":true}]}}