{"id":63788,"date":"2019-12-30T10:10:04","date_gmt":"2019-12-30T13:10:04","guid":{"rendered":"http:\/\/vinasfm.com\/noticias\/?p=63788"},"modified":"2019-12-31T10:19:31","modified_gmt":"2019-12-31T13:19:31","slug":"informacion-actualizada-sobre-los-cortes-de-rutas-en-alvear","status":"publish","type":"post","link":"https:\/\/vinasfm.com\/noticias\/informacion-actualizada-sobre-los-cortes-de-rutas-en-alvear\/","title":{"rendered":"INFORMACI\u00d3N ACTUALIZADA SOBRE LOS CORTES DE RUTAS EN ALVEAR"},"content":{"rendered":"<h5><strong>Senadores y diputados\u00a0est\u00e1n tratando hoy en sesi\u00f3n especial la derogaci\u00f3n de la reciente Ley Minera 9.209 que establec\u00eda modificaciones a la Ley 7.722. <\/strong><\/h5>\n<p>No obstante se realizan diversas protestas en el sur provincial. A continuaci\u00f3n se detallan los distintos cortes:<\/p>\n<ul>\n<li><strong>Corte de\u00a0ruta total en 188 y 25 Bowen y al\u00a0 sur de la ciudad en 143 y calle O, Poste de Hierro.<\/strong><\/li>\n<li><strong>En Real del Padre: Ruta 171 a la salida hacia Monte Coman frente a la ex bodega Dardanelli.<\/strong><\/li>\n<\/ul>\n<p>Cabe aclarar que los mencionados cortes no se levantar\u00e1n hasta que se apruebe la reinstauraci\u00f3n de la 7722.<\/p>\n<p>Como dato policial cerca de las 09:15 un pasajero que est\u00e1 esperando para pasar, intento sacar las cosas que los manifestantes tienen en la ruta sobre calle O, lo que motiv\u00f3 la reacci\u00f3n de la gente de Alvear, tuvo que actuar personal policial para poner calma. A la vez, un camionero amenaz\u00f3 pasar con el cami\u00f3n por arriba, por suerte mucha gente actu\u00f3 para pedir calma.<\/p>\n<h5><em>F.B.<\/em><\/h5>\n","protected":false},"excerpt":{"rendered":"<p>Senadores y diputados\u00a0est\u00e1n tratando hoy en sesi\u00f3n especial la derogaci\u00f3n de la reciente Ley Minera 9.209 que establec\u00eda modificaciones a la &#8230;<\/p>\n","protected":false},"author":8,"featured_media":63789,"comment_status":"open","ping_status":"open","sticky":false,"template":"","format":"standard","meta":{"footnotes":""},"categories":[1],"tags":[],"class_list":["post-63788","post","type-post","status-publish","format-standard","has-post-thumbnail","hentry","category-fmvinas"],"_links":{"self":[{"href":"https:\/\/vinasfm.com\/noticias\/wp-json\/wp\/v2\/posts\/63788","targetHints":{"allow":["GET"]}}],"collection":[{"href":"https:\/\/vinasfm.com\/noticias\/wp-json\/wp\/v2\/posts"}],"about":[{"href":"https:\/\/vinasfm.com\/noticias\/wp-json\/wp\/v2\/types\/post"}],"author":[{"embeddable":true,"href":"https:\/\/vinasfm.com\/noticias\/wp-json\/wp\/v2\/users\/8"}],"replies":[{"embeddable":true,"href":"https:\/\/vinasfm.com\/noticias\/wp-json\/wp\/v2\/comments?post=63788"}],"version-history":[{"count":1,"href":"https:\/\/vinasfm.com\/noticias\/wp-json\/wp\/v2\/posts\/63788\/revisions"}],"predecessor-version":[{"id":63791,"href":"https:\/\/vinasfm.com\/noticias\/wp-json\/wp\/v2\/posts\/63788\/revisions\/63791"}],"wp:featuredmedia":[{"embeddable":true,"href":"https:\/\/vinasfm.com\/noticias\/wp-json\/wp\/v2\/media\/63789"}],"wp:attachment":[{"href":"https:\/\/vinasfm.com\/noticias\/wp-json\/wp\/v2\/media?parent=63788"}],"wp:term":[{"taxonomy":"category","embeddable":true,"href":"https:\/\/vinasfm.com\/noticias\/wp-json\/wp\/v2\/categories?post=63788"},{"taxonomy":"post_tag","embeddable":true,"href":"https:\/\/vinasfm.com\/noticias\/wp-json\/wp\/v2\/tags?post=63788"}],"curies":[{"name":"wp","href":"https:\/\/api.w.org\/{rel}","templated":true}]}}