{"id":63723,"date":"2019-12-28T07:32:12","date_gmt":"2019-12-28T10:32:12","guid":{"rendered":"http:\/\/vinasfm.com\/noticias\/?p=63723"},"modified":"2019-12-28T07:32:12","modified_gmt":"2019-12-28T10:32:12","slug":"greenpeace-esta-es-la-victoria-de-la-gente-y-de-la-protesta-pacifica","status":"publish","type":"post","link":"https:\/\/vinasfm.com\/noticias\/greenpeace-esta-es-la-victoria-de-la-gente-y-de-la-protesta-pacifica\/","title":{"rendered":"GREENPEACE: \u201cESTA ES LA VICTORIA DE LA GENTE Y DE LA PROTESTA PAC\u00cdFICA\u201d"},"content":{"rendered":"<p>Greenpeace celebr\u00f3 anoche el anuncio del gobernador de Mendoza de que ser\u00e1n derogadas las modificaciones a la Ley 7722 que pretend\u00edan abrir la puerta al uso de sustancias t\u00f3xicas para la industria minera en la provincia. Adem\u00e1s destac\u00f3 el reclamo y la movilizaci\u00f3n social que llev\u00f3 a este resultado.<\/p>\n<p>\u201cEsta derogaci\u00f3n la logr\u00f3 la gente.\u00a0<strong>El pueblo de la provincia ha hecho historia en la lucha por el ambiente<\/strong>; qued\u00f3 claro que el agua de Mendoza no se negocia\u201d, expres\u00f3 Diego Salas, Director de Desarrollo de Greenpeace Andino.<\/p>\n<p>La norma, presentada por el gobernador el mismo d\u00eda que asumi\u00f3, modificaba la Ley provincial que pone l\u00edmites a la miner\u00eda y permit\u00eda el uso de sustancias como el cianuro y el \u00e1cido sulf\u00farico. Los mendocinos y mendocinas se movilizaron inmediatamente y lograron revertir un desastre ambiental que parec\u00eda inevitable.<\/p>\n<p>A una semana de que se iniciaran las primeras manifestaciones, y con ello la marcha ambiental m\u00e1s masiva en la historia de Mendoza, la gente ha conseguido cambiar el curso de las cosas.<\/p>\n<p>\u201cLas movilizaciones pac\u00edficas que el pueblo mendocino ha llevado adelante en estos d\u00edas, a pesar de tener todos los pron\u00f3sticos en contra, son la demostraci\u00f3n de que esa es la leg\u00edtima v\u00eda para hacer historia y proteger nuestros bienes naturales\u201d, destac\u00f3 Salas.<\/p>\n<p>En el pedido de derogaci\u00f3n las organizaciones destacaron que las modificaciones a la normativa representaban una clara violaci\u00f3n a la Constituci\u00f3n Nacional y los principios de no regresi\u00f3n ambiental. Por otra parte, estos cambios se propon\u00edan durante la peor sequ\u00eda desde que se tiene registro en la provincia, y en lugar de protegerlos se pon\u00edan en juego\u00a0 los recursos h\u00eddricos, a manos de la industria minera contaminante.<\/p>\n<p>\u201cYa lo dijimos hace unos d\u00edas y hoy se vuelve a confirmar: no existe herramienta de presi\u00f3n m\u00e1s poderosa que la gente. No hay minera que tenga recursos suficientes para soportar la presi\u00f3n de un pueblo decidido a defender pac\u00edficamente a la democracia y a la Naturaleza de la que forma parte\u201d, concluy\u00f3 Salas.<\/p>\n<h5><strong><em>A.C.<\/em><\/strong><\/h5>\n","protected":false},"excerpt":{"rendered":"<p>Greenpeace celebr\u00f3 anoche el anuncio del gobernador de Mendoza de que ser\u00e1n derogadas las modificaciones a la Ley 7722 que pretend\u00edan &#8230;<\/p>\n","protected":false},"author":7,"featured_media":63692,"comment_status":"open","ping_status":"open","sticky":false,"template":"","format":"standard","meta":{"footnotes":""},"categories":[5,57],"tags":[],"class_list":["post-63723","post","type-post","status-publish","format-standard","has-post-thumbnail","hentry","category-actualidad","category-ley-7722"],"_links":{"self":[{"href":"https:\/\/vinasfm.com\/noticias\/wp-json\/wp\/v2\/posts\/63723","targetHints":{"allow":["GET"]}}],"collection":[{"href":"https:\/\/vinasfm.com\/noticias\/wp-json\/wp\/v2\/posts"}],"about":[{"href":"https:\/\/vinasfm.com\/noticias\/wp-json\/wp\/v2\/types\/post"}],"author":[{"embeddable":true,"href":"https:\/\/vinasfm.com\/noticias\/wp-json\/wp\/v2\/users\/7"}],"replies":[{"embeddable":true,"href":"https:\/\/vinasfm.com\/noticias\/wp-json\/wp\/v2\/comments?post=63723"}],"version-history":[{"count":1,"href":"https:\/\/vinasfm.com\/noticias\/wp-json\/wp\/v2\/posts\/63723\/revisions"}],"predecessor-version":[{"id":63724,"href":"https:\/\/vinasfm.com\/noticias\/wp-json\/wp\/v2\/posts\/63723\/revisions\/63724"}],"wp:featuredmedia":[{"embeddable":true,"href":"https:\/\/vinasfm.com\/noticias\/wp-json\/wp\/v2\/media\/63692"}],"wp:attachment":[{"href":"https:\/\/vinasfm.com\/noticias\/wp-json\/wp\/v2\/media?parent=63723"}],"wp:term":[{"taxonomy":"category","embeddable":true,"href":"https:\/\/vinasfm.com\/noticias\/wp-json\/wp\/v2\/categories?post=63723"},{"taxonomy":"post_tag","embeddable":true,"href":"https:\/\/vinasfm.com\/noticias\/wp-json\/wp\/v2\/tags?post=63723"}],"curies":[{"name":"wp","href":"https:\/\/api.w.org\/{rel}","templated":true}]}}