{"id":63717,"date":"2019-12-28T03:10:41","date_gmt":"2019-12-28T06:10:41","guid":{"rendered":"http:\/\/vinasfm.com\/noticias\/?p=63717"},"modified":"2019-12-30T08:45:30","modified_gmt":"2019-12-30T11:45:30","slug":"suarez-anuncio-que-pedira-la-derogacion-de-la-ley-minera-9209-por-no-tener-licencia-social","status":"publish","type":"post","link":"https:\/\/vinasfm.com\/noticias\/suarez-anuncio-que-pedira-la-derogacion-de-la-ley-minera-9209-por-no-tener-licencia-social\/","title":{"rendered":"SU\u00c1REZ ANUNCI\u00d3 QUE PEDIR\u00c1 LA DEROGACI\u00d3N DE LA LEY MINERA 9209 POR &#8216;NO TENER LICENCIA SOCIAL&#8217;"},"content":{"rendered":"<p><strong>Despu\u00e9s de reunirse con los intendentes, Rodolfo Suarez anunci\u00f3 que enviar\u00e1 el proyecto de derogaci\u00f3n\u00a0 de la 9209<\/strong>.<\/p>\n<p>Pasadas las 18, los intendentes de toda la provincia llegaron a Casa de Gobierno para reunirse con el gobernador Rodolfo Su\u00e1rez para dialogar sobre la modificaci\u00f3n de la 7722 y resolvieron que el mandatario enviara el proyecto de derogaci\u00f3n de la 9209 a la Legislatura.<\/p>\n<p><strong>En la reuni\u00f3n estuvieron presentes 17 jefes comunales<\/strong>\u00a0porque Roberto Righi, de Lavalle, est\u00e1 fuera de la provincia.<\/p>\n<p>Rodolfo Su\u00e1rez, en conferencia de prensa, se\u00f1al\u00f3 que hizo lo que dijo en su campa\u00f1a.\u00a0<strong>Afirm\u00f3 que \u00abpara la exploraci\u00f3n minera se necesitaban dos condiciones. Por un lado que se hiciera con estrictos controles y por el otro con el consenso social y esa licencia social no existe en Mendoza\u00bb.<\/strong><\/p>\n<p>Su\u00e1rez agreg\u00f3: \u00abEn la campa\u00f1a dijimos que \u00e9ramos un gobierno de puertas abiertas y de di\u00e1logo.<strong>\u00a0Por esa raz\u00f3n hemos decido enviar a la legislatura un proyecto para la derogaci\u00f3n de la ley minera 9209&#8243;.<\/strong><\/p>\n<p><strong>\u00abEsta decisi\u00f3n se toma sobre una decisi\u00f3n de que esta ley es legal pero no tiene la legitimidad del pueblo\u00bb.<\/strong>\u00a0Tambi\u00e9n sostuvo que su proyecto para la reforma de la ley 7722 se envi\u00f3 para modificar la matriz productiva de Mendoza y dijo que buscaba un cambio. \u00abLas decisiones no s\u00f3lo deben ser legales sino tambi\u00e9n leg\u00edtimas\u00bb. asegur\u00f3.<\/p>\n<p>As\u00ed, sostuvo que el lunes se tratar\u00e1 en senadores y en diputados el proyecto de derogaci\u00f3n de la nueva ley y la restituci\u00f3n de la anterior legislaci\u00f3n, la 7722.<\/p>\n<p>Tambi\u00e9n Su\u00e1rez hizo un llamado a los manifestantes:\u00a0<strong>\u00abLes pido que cesen los cortes y las protestas. Somos un gobierno que escucha. Queremos garantizar la paz social\u00bb.<\/strong><\/p>\n<p>Para finalizar el gobernador afirm\u00f3: \u00abMendoza est\u00e1 en contra de la miner\u00eda y buscaremos alternativas para el sector productivo\u00bb.<\/p>\n<p>El gobernador Rodolfo Su\u00e1rez convoc\u00f3 a todos los intendentes provinciales a una reuni\u00f3n para hablar sobre la reforma a la ley minera. En un primer momento trascendi\u00f3 que se reunir\u00eda s\u00f3lo con jefes comunales de la oposici\u00f3n pero durante la tarde se confirm\u00f3 que del encuentro participar\u00edan todos los intendentes.<\/p>\n<p><strong>Su\u00e1rez hab\u00eda anunciado ayer la suspensi\u00f3n de la reglamentaci\u00f3n de la ley 9209 que el viernes se aprob\u00f3 en la legislatura y modific\u00f3 la ley 7722.<\/strong>\u00a0Sin embargo los anuncios del gobernador no calmaron los reclamos de los manifestantes que salieron a la calle a defender el agua y a pedir la derogaci\u00f3n de la nueva legislaci\u00f3n minera. Tambi\u00e9n desde anoche y durante este viernes, varios municipios anunciaron que suspenden sus fiestas vendimiales mientras sigue vigente la nueva ley minera.<\/p>\n<p>Con ese contexto, sumado a al di\u00e1logo que ha ido teniendo Su\u00e1rez con reinas, obispado y ambientalistas, el gobernador decidi\u00f3 derogar la ley. (Fuente: Los Andes).<\/p>\n<p>F.B.<\/p>\n","protected":false},"excerpt":{"rendered":"<p>Despu\u00e9s de reunirse con los intendentes, Rodolfo Suarez anunci\u00f3 que enviar\u00e1 el proyecto de derogaci\u00f3n\u00a0 de la 9209. Pasadas las 18, &#8230;<\/p>\n","protected":false},"author":8,"featured_media":63660,"comment_status":"open","ping_status":"open","sticky":false,"template":"","format":"standard","meta":{"footnotes":""},"categories":[5,57,7],"tags":[],"class_list":["post-63717","post","type-post","status-publish","format-standard","has-post-thumbnail","hentry","category-actualidad","category-ley-7722","category-politica"],"_links":{"self":[{"href":"https:\/\/vinasfm.com\/noticias\/wp-json\/wp\/v2\/posts\/63717","targetHints":{"allow":["GET"]}}],"collection":[{"href":"https:\/\/vinasfm.com\/noticias\/wp-json\/wp\/v2\/posts"}],"about":[{"href":"https:\/\/vinasfm.com\/noticias\/wp-json\/wp\/v2\/types\/post"}],"author":[{"embeddable":true,"href":"https:\/\/vinasfm.com\/noticias\/wp-json\/wp\/v2\/users\/8"}],"replies":[{"embeddable":true,"href":"https:\/\/vinasfm.com\/noticias\/wp-json\/wp\/v2\/comments?post=63717"}],"version-history":[{"count":1,"href":"https:\/\/vinasfm.com\/noticias\/wp-json\/wp\/v2\/posts\/63717\/revisions"}],"predecessor-version":[{"id":63718,"href":"https:\/\/vinasfm.com\/noticias\/wp-json\/wp\/v2\/posts\/63717\/revisions\/63718"}],"wp:featuredmedia":[{"embeddable":true,"href":"https:\/\/vinasfm.com\/noticias\/wp-json\/wp\/v2\/media\/63660"}],"wp:attachment":[{"href":"https:\/\/vinasfm.com\/noticias\/wp-json\/wp\/v2\/media?parent=63717"}],"wp:term":[{"taxonomy":"category","embeddable":true,"href":"https:\/\/vinasfm.com\/noticias\/wp-json\/wp\/v2\/categories?post=63717"},{"taxonomy":"post_tag","embeddable":true,"href":"https:\/\/vinasfm.com\/noticias\/wp-json\/wp\/v2\/tags?post=63717"}],"curies":[{"name":"wp","href":"https:\/\/api.w.org\/{rel}","templated":true}]}}