{"id":63699,"date":"2019-12-27T10:19:01","date_gmt":"2019-12-27T13:19:01","guid":{"rendered":"http:\/\/vinasfm.com\/noticias\/?p=63699"},"modified":"2019-12-27T10:19:01","modified_gmt":"2019-12-27T13:19:01","slug":"cuatro-departamentos-anuncian-que-no-haran-vendimia-si-no-se-deroga-la-nueva-ley-minera","status":"publish","type":"post","link":"https:\/\/vinasfm.com\/noticias\/cuatro-departamentos-anuncian-que-no-haran-vendimia-si-no-se-deroga-la-nueva-ley-minera\/","title":{"rendered":"CUATRO DEPARTAMENTOS ANUNCIAN QUE NO HAR\u00c1N VENDIMIA SI NO SE DEROGA LA NUEVA LEY MINERA"},"content":{"rendered":"<h4><strong>Maip\u00fa, Lavalle, Tunuy\u00e1n y San Carlos lo confirmaron en el marco de masivas marchas en contra de las reformas de la ley 7722.<\/strong><\/h4>\n<p>Los departamentos<strong>\u00a0de Maip\u00fa y Lavalle anunciaron esta noche que suspender\u00e1n sus fiestas departamentales de la vendimia 2020<\/strong>\u00a0si el gobernador Rodolfo Su\u00e1rez no deroga la<strong>\u00a0ley 9209.<\/strong>\u00a0Estas declaraciones se llevaron a cabo durante las convocatorias\u00a0en<strong>\u00a0\u00abdefensa del agua pura\u00bb\u00a0<\/strong>que tuvieron lugar en diferentes cascos urbanos de la provincia con vecinos autoconvocados a trav\u00e9s de las redes sociales.<\/p>\n<p>El intendente de Maip\u00fa Mat\u00edas Stevanato asegur\u00f3 esta noche que la Fiesta de la Vendimia departamental no se realizar\u00e1 hasta tanto el gobierno provincial no deroge la Ley 9.209 porque \u00abno hay licencia social\u00bb.<\/p>\n<p>As\u00ed lo afirm\u00f3 frente a una multitud de vecinos que se congreg\u00f3 en la plaza departamental para pedir por la plena vigencia de la 7722.<\/p>\n<p>Por otra parte, Lavalle se pronunci\u00f3 ante la promulgaci\u00f3n de la ley 9209 en la que tanto los vecinos como el intendente se posicionaron en contra de las reformas de la ley 7722 y por se reunieron en el departamento de Lavalle representantes del municipio, instituciones religiosas, la asamblea por el Agua Pura de Huanacache, comunidades Huarpes, asociaciones de productores agr\u00edcolas y regantes, comerciantes, cooperativas vitivin\u00edcolas, clubes deportivos, artistas, centros tradicionalistas, entidades vecinales, vecinas y vecinos.<\/p>\n<p>De acuerdo a los sucesos derivados de la d<strong>erogaci\u00f3n de la ley 7722 y promulgaci\u00f3n de su modificatoria 9209\/19<\/strong>, se manifest\u00f3: que su posici\u00f3n es en contra de la miner\u00eda metal\u00edfera y se tom\u00f3 la\u00a0<strong>decisi\u00f3n indeclinable de no realizar la fiesta departamental de la Vendimia 2020 y la elecci\u00f3n de la representante de Lavalle<\/strong>, hasta tanto no sea derogada la ley 9209 e hicieron extensiva la invitaci\u00f3n a sumarse a esta iniciativa a todos los jefes comunales y organismos p\u00fablicos y privados de la provincia.<\/p>\n<p>Mientras tanto, en el\u00a0<strong>departamento de Tunuy\u00e1n\u00a0<\/strong>las protestas comenzaron desde la ma\u00f1ana cuando los manifestantes decidieron realizar la manifestaci\u00f3n una vez en la ruta nacional 40 a la altura del\u00a0<strong>puente del R\u00edo Tunuy\u00e1n<\/strong>,<strong>\u00a0donde cortaron el flujo vehicular cada 10 minutos.<\/strong><\/p>\n<p>Luego en horas de las tarde convocaron a una marcha pac\u00edfica en la\u00a0<strong>plaza departamental\u00a0<\/strong>donde asistieron cientos de vecinos para protestar por las reformas de la\u00a0<strong>ley 7722<\/strong>. A eso, se sum\u00f3 una<strong>\u00a0\u00abgran pedaleada nocturna por el agua\u00bb\u00a0<\/strong>que empez\u00f3 a las 22 con la intenci\u00f3n de realizar una manifestaci\u00f3n que recorra todos los distritos del departamento.<\/p>\n<p>Minutos despu\u00e9s,\u00a0<strong>el intendente de Tunuy\u00e1n, Mart\u00edn Aveiro<\/strong>, public\u00f3 en su cuenta oficial de Instagram la decisi\u00f3n de suspender la fiesta de la\u00a0<strong>Vendimia 2020<\/strong>\u00a0junto a los municipios de<strong>\u00a0Maip\u00fa y Lavalle hasta que la ley 9209 sea derogada.<\/strong><\/p>\n<p>Otro departamento que se\u00a0<strong>sum\u00f3 fue San Carlos<\/strong>, que hoy tuvo una concentraci\u00f3n en la\u00a0<strong>ruta nacional 40 a la altura de Eugenio Bustos,<\/strong>\u00a0frente a la terminal de \u00f3mnibus en la que vecinos realizaron un cacerolazo acompa\u00f1ado de c\u00e1ntico y banderas de\u00a0Argentina junto con carteles en contra de reforma de la ley \u00abanti minera\u00bb.<\/p>\n<p>Y como ya lo hab\u00eda anunciado Maip\u00fa, Lavalle y Tunuy\u00e1n, el\u00a0<strong>intendente de San Carlos, Rolando Scanio<\/strong>, tom\u00f3 la firme decisi\u00f3n de\u00a0<strong>suspender tambi\u00e9n la fiesta vendimial<\/strong>\u00a0de ese departamento hasta que\u00a0<strong>se derogue la ley 9209.<\/strong><\/p>\n<h5><strong><em>Fuente: Los Andes \/A.C.<\/em><\/strong><\/h5>\n","protected":false},"excerpt":{"rendered":"<p>Maip\u00fa, Lavalle, Tunuy\u00e1n y San Carlos lo confirmaron en el marco de masivas marchas en contra de las reformas de la &#8230;<\/p>\n","protected":false},"author":7,"featured_media":49256,"comment_status":"open","ping_status":"open","sticky":false,"template":"","format":"standard","meta":{"footnotes":""},"categories":[5,25],"tags":[],"class_list":["post-63699","post","type-post","status-publish","format-standard","has-post-thumbnail","hentry","category-actualidad","category-vendimia"],"_links":{"self":[{"href":"https:\/\/vinasfm.com\/noticias\/wp-json\/wp\/v2\/posts\/63699","targetHints":{"allow":["GET"]}}],"collection":[{"href":"https:\/\/vinasfm.com\/noticias\/wp-json\/wp\/v2\/posts"}],"about":[{"href":"https:\/\/vinasfm.com\/noticias\/wp-json\/wp\/v2\/types\/post"}],"author":[{"embeddable":true,"href":"https:\/\/vinasfm.com\/noticias\/wp-json\/wp\/v2\/users\/7"}],"replies":[{"embeddable":true,"href":"https:\/\/vinasfm.com\/noticias\/wp-json\/wp\/v2\/comments?post=63699"}],"version-history":[{"count":1,"href":"https:\/\/vinasfm.com\/noticias\/wp-json\/wp\/v2\/posts\/63699\/revisions"}],"predecessor-version":[{"id":63700,"href":"https:\/\/vinasfm.com\/noticias\/wp-json\/wp\/v2\/posts\/63699\/revisions\/63700"}],"wp:featuredmedia":[{"embeddable":true,"href":"https:\/\/vinasfm.com\/noticias\/wp-json\/wp\/v2\/media\/49256"}],"wp:attachment":[{"href":"https:\/\/vinasfm.com\/noticias\/wp-json\/wp\/v2\/media?parent=63699"}],"wp:term":[{"taxonomy":"category","embeddable":true,"href":"https:\/\/vinasfm.com\/noticias\/wp-json\/wp\/v2\/categories?post=63699"},{"taxonomy":"post_tag","embeddable":true,"href":"https:\/\/vinasfm.com\/noticias\/wp-json\/wp\/v2\/tags?post=63699"}],"curies":[{"name":"wp","href":"https:\/\/api.w.org\/{rel}","templated":true}]}}