{"id":63698,"date":"2019-12-27T12:17:08","date_gmt":"2019-12-27T15:17:08","guid":{"rendered":"http:\/\/vinasfm.com\/noticias\/?p=63698"},"modified":"2019-12-27T12:17:26","modified_gmt":"2019-12-27T15:17:26","slug":"amparo-legal-la-via-para-frenar-la-aplicacion-de-la-nueva-ley-minera","status":"publish","type":"post","link":"https:\/\/vinasfm.com\/noticias\/amparo-legal-la-via-para-frenar-la-aplicacion-de-la-nueva-ley-minera\/","title":{"rendered":"AMPARO LEGAL: LA V\u00cdA PARA FRENAR LA APLICACI\u00d3N DE LA NUEVA LEY MINERA"},"content":{"rendered":"<h4><strong>Luego del discurso del Gobernador Rodolfo Su\u00e1rez en el que anunci\u00f3 la no reglamentaci\u00f3n de la 9.209, ley que reforma la 7.722, diferentes dudas emanaron del com\u00fan de la gente. En di\u00e1logo con el Dr. Gustavo Vendram\u00edn saldamos dudas sobre las v\u00edas legales existentes para sostener la reglamentaci\u00f3n reformada: amparo ambiental y acci\u00f3n de inconstitucionalidad.<\/strong><\/h4>\n<p>\u201c<em>El plazo de interposici\u00f3n de un amparo es 30 d\u00edas corridos a partir del acto lesivo que infringe un derecho constitucional como el art. 41 de la Constituci\u00f3n Nacional donde se expresa que cada habitante del pa\u00eds tienen derecho a un ambiente sano<\/em>\u201d, coment\u00f3 Gustavo Vendram\u00edn a F.M. Vi\u00f1as.<\/p>\n<p>\u201c<em>Se puede peticionar una medida cautelar para que el juez civil dicte esta medida siempre que est\u00e9n los fundamentos y los argumentos a efectos que la ley no produzca ning\u00fan tipo de consecuencias o efectos jur\u00eddicos hasta que se resuelva el amparo en definitiva<\/em>, <em>es decir, que la medida precautoria tiene por finalidad para todo hasta que se dicte una sentencia definitiva en el amparo<\/em>\u201d, explic\u00f3 el letrado.<\/p>\n<div id=\"attachment_40355\" style=\"width: 300px\" class=\"wp-caption alignleft\"><img loading=\"lazy\" decoding=\"async\" aria-describedby=\"caption-attachment-40355\" class=\"wp-image-40355 size-medium\" src=\"http:\/\/vinasfm.com\/noticias\/wp-content\/uploads\/2018\/09\/vendramin-2-300x215.jpg\" alt=\"\" width=\"300\" height=\"215\" srcset=\"https:\/\/vinasfm.com\/noticias\/wp-content\/uploads\/2018\/09\/vendramin-2-300x215.jpg 300w, https:\/\/vinasfm.com\/noticias\/wp-content\/uploads\/2018\/09\/vendramin-2-768x550.jpg 768w, https:\/\/vinasfm.com\/noticias\/wp-content\/uploads\/2018\/09\/vendramin-2.jpg 960w\" sizes=\"auto, (max-width: 300px) 100vw, 300px\" \/><p id=\"caption-attachment-40355\" class=\"wp-caption-text\">Doctor Gustavo Vendram\u00edn,.<\/p><\/div>\n<p>En la misma l\u00ednea opin\u00f3 \u201c<em>tiene que acudirse la v\u00eda de la acci\u00f3n de la inconstitucionalidad de la 9209 que se debe hacer ante la Corte Suprema de Justicia de la Provincia de Mendoza<\/em>\u201d<\/p>\n<p>Como argumentos de peso en contra de la nueva ley 9209, Vendram\u00edn enumer\u00f3: \u201c<em>En primer lugar porque la ley 7722 se declar\u00f3 constitucional, se estar\u00edan violando art\u00edculos de la constituci\u00f3n provincial y nacional, no se est\u00e1n cumpliendo el procedimiento de la Ley 5961 de Ambiente de Mendoza. Tenemos que recordar que la Constituci\u00f3n del \u201894 \u00a0determin\u00f3 que los recursos naturales son propiedad y competencia exclusiva de las provincias. En el marco de la ley ambiental, los legisladores y doctrinarios del ambiente hablan del principio de progresividad, es decir, que los controles tienen que ser m\u00e1s y mejores pero con la modificaci\u00f3n solo se excluye el mercurio entonces es regresividad\u201d, <\/em><\/p>\n<p>Al ser consultado si cada multisectorial o agrupaci\u00f3n puede presentar un recurso de amparo o inconstitucionalidad, el ex edil se\u00f1al\u00f3: <em>\u201cLa ley dice que cada persona f\u00edsica o jur\u00eddica que tenga un inter\u00e9s legitimo puede presentarse ante la justicia. Normalmente se tratan de usar entes colectivos o entidades asociadas\u00a0 \u00a0a efectos de tener mayor peso social o que el contexto pol\u00edtico social tenga mayor fuerza al momento de plantearlo\u201d<\/em><\/p>\n<p><em>\u201cEn el juzgado civil, comercial y minas de General Alvear sea la multisectorial o una persona. Considero que la Municipalidad deber\u00eda encabezar como ente que engloba los 47.000 alvearenses para realizar los planteos\u201d, <\/em>culmin\u00f3 el ex edil sobre el lugar correspondiente para presentar los pedidos.<\/p>\n<h5><em>F.B. <\/em><\/h5>\n","protected":false},"excerpt":{"rendered":"<p>Luego del discurso del Gobernador Rodolfo Su\u00e1rez en el que anunci\u00f3 la no reglamentaci\u00f3n de la 9.209, ley que reforma la &#8230;<\/p>\n","protected":false},"author":8,"featured_media":61701,"comment_status":"open","ping_status":"open","sticky":false,"template":"","format":"standard","meta":{"footnotes":""},"categories":[5,57,42],"tags":[],"class_list":["post-63698","post","type-post","status-publish","format-standard","has-post-thumbnail","hentry","category-actualidad","category-ley-7722","category-opinion"],"_links":{"self":[{"href":"https:\/\/vinasfm.com\/noticias\/wp-json\/wp\/v2\/posts\/63698","targetHints":{"allow":["GET"]}}],"collection":[{"href":"https:\/\/vinasfm.com\/noticias\/wp-json\/wp\/v2\/posts"}],"about":[{"href":"https:\/\/vinasfm.com\/noticias\/wp-json\/wp\/v2\/types\/post"}],"author":[{"embeddable":true,"href":"https:\/\/vinasfm.com\/noticias\/wp-json\/wp\/v2\/users\/8"}],"replies":[{"embeddable":true,"href":"https:\/\/vinasfm.com\/noticias\/wp-json\/wp\/v2\/comments?post=63698"}],"version-history":[{"count":2,"href":"https:\/\/vinasfm.com\/noticias\/wp-json\/wp\/v2\/posts\/63698\/revisions"}],"predecessor-version":[{"id":63708,"href":"https:\/\/vinasfm.com\/noticias\/wp-json\/wp\/v2\/posts\/63698\/revisions\/63708"}],"wp:featuredmedia":[{"embeddable":true,"href":"https:\/\/vinasfm.com\/noticias\/wp-json\/wp\/v2\/media\/61701"}],"wp:attachment":[{"href":"https:\/\/vinasfm.com\/noticias\/wp-json\/wp\/v2\/media?parent=63698"}],"wp:term":[{"taxonomy":"category","embeddable":true,"href":"https:\/\/vinasfm.com\/noticias\/wp-json\/wp\/v2\/categories?post=63698"},{"taxonomy":"post_tag","embeddable":true,"href":"https:\/\/vinasfm.com\/noticias\/wp-json\/wp\/v2\/tags?post=63698"}],"curies":[{"name":"wp","href":"https:\/\/api.w.org\/{rel}","templated":true}]}}